{"id":189206,"date":"2019-08-27T14:43:06","date_gmt":"2019-08-27T11:43:06","guid":{"rendered":"http:\/\/www.sana.sy\/tr\/?p=189206"},"modified":"2019-08-28T14:38:00","modified_gmt":"2019-08-28T11:38:00","slug":"suriye-folklorundan-demetler-yer-alacak","status":"publish","type":"post","link":"https:\/\/archive.sana.sy\/tr\/?p=189206","title":{"rendered":"Suriye Folklorundan Demetler Yer Alacak"},"content":{"rendered":"<p>\u015eAM \u2013 K\u00fclt\u00fcr Bakanl\u0131\u011f\u0131 61. Uluslararas\u0131 \u015eam Fuar\u0131na kat\u0131l\u0131m haz\u0131rl\u0131klar\u0131n\u0131 s\u00fcrd\u00fcrmesiyle K\u00fclt\u00fcr Bakan\u0131 Dan\u0131\u015fman\u0131 ve bakanl\u0131\u011f\u0131n fuara kat\u0131l\u0131m sorumlusu Nezih el Huri yap\u0131lan haz\u0131rl\u0131klar konusunda SANA\u2019ya a\u00e7\u0131klama yapt\u0131.<\/p>\n<p>Huri Bakanl\u0131\u011f\u0131n fuarda Suriye Ulusal Reyonunda 200 metre karelik alan ile kat\u0131laca\u011f\u0131n\u0131 belirtti. Bakanl\u0131k stad\u0131nda felsefe, ideoloji, roman, \u015fiir, k\u0131sa hikaye, tiyatro, plastik sanat, sinema ve k\u00fclt\u00fcr sanat\u0131n her dal\u0131n\u0131n yer alaca\u011f\u0131n\u0131 a\u00e7\u0131klad\u0131.<\/p>\n<p>Bakanl\u0131k stand\u0131nda Suriye&#8217;nin her ilinin folklor ve k\u00fclt\u00fcr\u00fcne ayr\u0131 ayr\u0131 \u0131\u015f\u0131k tutan b\u00f6l\u00fcmlerin olaca\u011f\u0131n\u0131 belirten Huri; Suriye&#8217;nin k\u00fclt\u00fcr, sanat ve folklorundan demetler sunulaca\u011f\u0131n\u0131 belirtti.<\/p>\n<p>Huri bakanl\u0131\u011f\u0131n fuarda ayn\u0131 zamanda \u00e7ocuklara has ayr\u0131 bir b\u00f6l\u00fcm organize etti\u011fine de dikkat \u00e7ekti.<\/p>\n","protected":false},"excerpt":{"rendered":"<p>\u015eAM \u2013 K\u00fclt\u00fcr Bakanl\u0131\u011f\u0131 61. Uluslararas\u0131 \u015eam Fuar\u0131na kat\u0131l\u0131m haz\u0131rl\u0131klar\u0131n\u0131 s\u00fcrd\u00fcrmesiyle K\u00fclt\u00fcr Bakan\u0131 Dan\u0131\u015fman\u0131 ve bakanl\u0131\u011f\u0131n fuara kat\u0131l\u0131m sorumlusu Nezih el Huri yap\u0131lan haz\u0131rl\u0131klar konusunda SANA\u2019ya a\u00e7\u0131klama yapt\u0131. Huri Bakanl\u0131\u011f\u0131n fuarda Suriye Ulusal Reyonunda 200 metre karelik alan ile kat\u0131laca\u011f\u0131n\u0131 belirtti. Bakanl\u0131k stad\u0131nda felsefe, ideoloji, roman, \u015fiir, k\u0131sa hikaye, tiyatro, plastik sanat, sinema ve k\u00fclt\u00fcr &hellip;<\/p>\n","protected":false},"author":1,"featured_media":189208,"comment_status":"closed","ping_status":"closed","sticky":false,"template":"","format":"standard","meta":{"footnotes":""},"categories":[38173,516,479,511,17988,478],"tags":[],"class_list":["post-189206","post","type-post","status-publish","format-standard","has-post-thumbnail","","category-61-uluslararasi-sam-fuari","category-haberler-kultur-ve-sanat","category-haberler-yerel","category-kultur-ve-sanat","category-son-haberler","category-yerel"],"_links":{"self":[{"href":"https:\/\/archive.sana.sy\/tr\/index.php?rest_route=\/wp\/v2\/posts\/189206","targetHints":{"allow":["GET"]}}],"collection":[{"href":"https:\/\/archive.sana.sy\/tr\/index.php?rest_route=\/wp\/v2\/posts"}],"about":[{"href":"https:\/\/archive.sana.sy\/tr\/index.php?rest_route=\/wp\/v2\/types\/post"}],"author":[{"embeddable":true,"href":"https:\/\/archive.sana.sy\/tr\/index.php?rest_route=\/wp\/v2\/users\/1"}],"replies":[{"embeddable":true,"href":"https:\/\/archive.sana.sy\/tr\/index.php?rest_route=%2Fwp%2Fv2%2Fcomments&post=189206"}],"version-history":[{"count":0,"href":"https:\/\/archive.sana.sy\/tr\/index.php?rest_route=\/wp\/v2\/posts\/189206\/revisions"}],"wp:featuredmedia":[{"embeddable":true,"href":"https:\/\/archive.sana.sy\/tr\/index.php?rest_route=\/wp\/v2\/media\/189208"}],"wp:attachment":[{"href":"https:\/\/archive.sana.sy\/tr\/index.php?rest_route=%2Fwp%2Fv2%2Fmedia&parent=189206"}],"wp:term":[{"taxonomy":"category","embeddable":true,"href":"https:\/\/archive.sana.sy\/tr\/index.php?rest_route=%2Fwp%2Fv2%2Fcategories&post=189206"},{"taxonomy":"post_tag","embeddable":true,"href":"https:\/\/archive.sana.sy\/tr\/index.php?rest_route=%2Fwp%2Fv2%2Ftags&post=189206"}],"curies":[{"name":"wp","href":"https:\/\/api.w.org\/{rel}","templated":true}]}}