{"id":189267,"date":"2019-08-27T20:52:58","date_gmt":"2019-08-27T17:52:58","guid":{"rendered":"http:\/\/www.sana.sy\/tr\/?p=189267"},"modified":"2019-08-28T14:37:17","modified_gmt":"2019-08-28T11:37:17","slug":"saldirilari-cokertilirken-hareketlenmeleri-ve-siperleri-de-yogun-atese-tutuldu","status":"publish","type":"post","link":"https:\/\/archive.sana.sy\/tr\/?p=189267","title":{"rendered":"Sald\u0131r\u0131lar\u0131 \u00c7\u00f6kertilirken, Hareketlenmeleri ve Siperleri de Yo\u011fun Ate\u015fe Tutuldu"},"content":{"rendered":"<p style=\"text-align: justify;\">\u0130DL\u0130B \u2013 Ordu birliklerimiz \u0130dlib k\u0131rsal\u0131n\u0131n g\u00fcneyinde uluslararas\u0131 ter\u00f6r \u00f6rg\u00fctleri listesinde yer alan ve belli ba\u015fl\u0131 d\u0131\u015f g\u00fc\u00e7ler taraf\u0131ndan desteklenen Nusra Cephesi ve m\u00fcttefikleri di\u011fer ter\u00f6r \u00f6rg\u00fctlere kar\u015f\u0131 ba\u015far\u0131l\u0131 operasyonlar\u0131n\u0131 s\u00fcrd\u00fcr\u00fcyor.<\/p>\n<p style=\"text-align: justify;\">SANA muhabiri \u0130dlib \u0130linin g\u00fcneydo\u011fu k\u0131rsal\u0131 \u015eem el Hava Beldesi ekseninde bulunan ordu birliklerimizin Nusra Cephesinin sald\u0131r\u0131s\u0131na ba\u015far\u0131yla kar\u015f\u0131 koyduklar\u0131n\u0131 belirtti. Muhabir \u015fiddetli \u00e7at\u0131\u015fmalarda sald\u0131rgan ter\u00f6ristlerin b\u00fcy\u00fck \u00e7o\u011funlu\u011funun \u00f6l\u00fc yaral\u0131 d\u00fc\u015f\u00fcr\u00fcld\u00fcklerini, kulland\u0131klar\u0131 bir\u00e7ok arac\u0131n da imha edildi\u011fini aktard\u0131.<\/p>\n<p style=\"text-align: justify;\">Top\u00e7u birliklerimizin \u0130dlib \u0130linin g\u00fcney k\u0131rsal\u0131 boyunca bulunan Nusra Cephesi ve \u00e7at\u0131s\u0131 alt\u0131ndaki di\u011fer radikal ter\u00f6ristlerin karargah, siper, ikmal yollar\u0131 ve cephane depolar\u0131n\u0131 top ve f\u00fczelerle yo\u011fun ate\u015fe tuttuklar\u0131n\u0131 belirten muhabir; d\u0131\u015f g\u00fc\u00e7lere tabi bu kiral\u0131k ter\u00f6r \u00e7etelerin say\u0131 ve ekipmanlar\u0131yla ciddi kay\u0131plara u\u011frat\u0131ld\u0131klar\u0131n\u0131 ifade etti.<\/p>\n<p>&nbsp;<\/p>\n","protected":false},"excerpt":{"rendered":"<p>\u0130DL\u0130B \u2013 Ordu birliklerimiz \u0130dlib k\u0131rsal\u0131n\u0131n g\u00fcneyinde uluslararas\u0131 ter\u00f6r \u00f6rg\u00fctleri listesinde yer alan ve belli ba\u015fl\u0131 d\u0131\u015f g\u00fc\u00e7ler taraf\u0131ndan desteklenen Nusra Cephesi ve m\u00fcttefikleri di\u011fer ter\u00f6r \u00f6rg\u00fctlere kar\u015f\u0131 ba\u015far\u0131l\u0131 operasyonlar\u0131n\u0131 s\u00fcrd\u00fcr\u00fcyor. SANA muhabiri \u0130dlib \u0130linin g\u00fcneydo\u011fu k\u0131rsal\u0131 \u015eem el Hava Beldesi ekseninde bulunan ordu birliklerimizin Nusra Cephesinin sald\u0131r\u0131s\u0131na ba\u015far\u0131yla kar\u015f\u0131 koyduklar\u0131n\u0131 belirtti. Muhabir \u015fiddetli \u00e7at\u0131\u015fmalarda &hellip;<\/p>\n","protected":false},"author":1,"featured_media":189279,"comment_status":"closed","ping_status":"closed","sticky":false,"template":"","format":"standard","meta":{"footnotes":""},"categories":[479,575,17988,478],"tags":[],"class_list":["post-189267","post","type-post","status-publish","format-standard","has-post-thumbnail","","category-haberler-yerel","category-olaylar-ve-gercekler","category-son-haberler","category-yerel"],"_links":{"self":[{"href":"https:\/\/archive.sana.sy\/tr\/index.php?rest_route=\/wp\/v2\/posts\/189267","targetHints":{"allow":["GET"]}}],"collection":[{"href":"https:\/\/archive.sana.sy\/tr\/index.php?rest_route=\/wp\/v2\/posts"}],"about":[{"href":"https:\/\/archive.sana.sy\/tr\/index.php?rest_route=\/wp\/v2\/types\/post"}],"author":[{"embeddable":true,"href":"https:\/\/archive.sana.sy\/tr\/index.php?rest_route=\/wp\/v2\/users\/1"}],"replies":[{"embeddable":true,"href":"https:\/\/archive.sana.sy\/tr\/index.php?rest_route=%2Fwp%2Fv2%2Fcomments&post=189267"}],"version-history":[{"count":0,"href":"https:\/\/archive.sana.sy\/tr\/index.php?rest_route=\/wp\/v2\/posts\/189267\/revisions"}],"wp:featuredmedia":[{"embeddable":true,"href":"https:\/\/archive.sana.sy\/tr\/index.php?rest_route=\/wp\/v2\/media\/189279"}],"wp:attachment":[{"href":"https:\/\/archive.sana.sy\/tr\/index.php?rest_route=%2Fwp%2Fv2%2Fmedia&parent=189267"}],"wp:term":[{"taxonomy":"category","embeddable":true,"href":"https:\/\/archive.sana.sy\/tr\/index.php?rest_route=%2Fwp%2Fv2%2Fcategories&post=189267"},{"taxonomy":"post_tag","embeddable":true,"href":"https:\/\/archive.sana.sy\/tr\/index.php?rest_route=%2Fwp%2Fv2%2Ftags&post=189267"}],"curies":[{"name":"wp","href":"https:\/\/api.w.org\/{rel}","templated":true}]}}