{"id":189271,"date":"2019-08-27T20:56:15","date_gmt":"2019-08-27T17:56:15","guid":{"rendered":"http:\/\/www.sana.sy\/tr\/?p=189271"},"modified":"2019-08-28T14:38:15","modified_gmt":"2019-08-28T11:38:15","slug":"putin-arta-kalan-teror-yok-edilmelidir","status":"publish","type":"post","link":"https:\/\/archive.sana.sy\/tr\/?p=189271","title":{"rendered":"Putin: Arta Kalan Ter\u00f6r Yok Edilmelidir"},"content":{"rendered":"<p style=\"text-align: justify;\">MOSKOVA \u2013 Rusya Ba\u015fkan\u0131 Vladimir Putin \u0130dlib ve Suriye&#8217;nin daha ba\u015fka t\u00fcm b\u00f6lgelerinde ter\u00f6r\u00fcn tamamen yok edilmesi gere\u011finin bir kez daha alt\u0131n\u0131 \u00e7izdi.<\/p>\n<p style=\"text-align: justify;\">Moskova yak\u0131lar\u0131ndaki Jukovskiy Kentinde T\u00fcrkiye rejimi ba\u015fkan\u0131 Recep Tayyip Erdo\u011fan ile bulundu\u011fu g\u00f6r\u00fc\u015fme ard\u0131ndan d\u00fczenlenen ortak bas\u0131n toplant\u0131s\u0131nda Putin; gerginli\u011fi azaltma b\u00f6lgesi \u0130dlib\u2019te ya\u015fanan durumlar\u0131n Rusya\u2019y\u0131 ciddi anlamda endi\u015felendirdi\u011fini belirtti. Putin \u0130dlib\u2019te bulunan ter\u00f6ristlerin Suriye ordusunun mevkileri ve Lazkiye k\u0131rsal\u0131ndaki Hmeymim Rus \u00dcss\u00fcne sald\u0131r\u0131lar\u0131n\u0131 s\u00fcrd\u00fcrd\u00fcklerine dikkat \u00e7ekti.<\/p>\n<p style=\"text-align: justify;\">Gerginli\u011fi azaltma b\u00f6lgesi \u0130dlib\u2019in ter\u00f6ristlerin g\u00fcvenli bar\u0131na\u011f\u0131 olmamas\u0131 gerekti\u011fini vurgulayan Putin; \u0130dlib ve Suriye&#8217;nin daha ba\u015fka b\u00f6lgelerinde arta kalan ter\u00f6r\u00fcn tamamen yok edilmesi i\u00e7in gerekli ek icraatlar\u0131n al\u0131nmas\u0131 \u00f6neminin alt\u0131n\u0131 \u00e7izdi. Rusya Ba\u015fkan\u0131 Putin bu ba\u011flamda Suriye&#8217;nin egemenli\u011fi, toprak b\u00fct\u00fcnl\u00fc\u011f\u00fc ve selametine ba\u011fl\u0131 kal\u0131nmas\u0131 gere\u011fine de vurgu yapt\u0131.<\/p>\n<p>\u00c7eviri: S.\u015eahut<\/p>\n","protected":false},"excerpt":{"rendered":"<p>MOSKOVA \u2013 Rusya Ba\u015fkan\u0131 Vladimir Putin \u0130dlib ve Suriye&#8217;nin daha ba\u015fka t\u00fcm b\u00f6lgelerinde ter\u00f6r\u00fcn tamamen yok edilmesi gere\u011finin bir kez daha alt\u0131n\u0131 \u00e7izdi. Moskova yak\u0131lar\u0131ndaki Jukovskiy Kentinde T\u00fcrkiye rejimi ba\u015fkan\u0131 Recep Tayyip Erdo\u011fan ile bulundu\u011fu g\u00f6r\u00fc\u015fme ard\u0131ndan d\u00fczenlenen ortak bas\u0131n toplant\u0131s\u0131nda Putin; gerginli\u011fi azaltma b\u00f6lgesi \u0130dlib\u2019te ya\u015fanan durumlar\u0131n Rusya\u2019y\u0131 ciddi anlamda endi\u015felendirdi\u011fini belirtti. Putin \u0130dlib\u2019te &hellip;<\/p>\n","protected":false},"author":1,"featured_media":189275,"comment_status":"closed","ping_status":"closed","sticky":false,"template":"","format":"standard","meta":{"footnotes":""},"categories":[458,459,17988],"tags":[],"class_list":["post-189271","post","type-post","status-publish","format-standard","has-post-thumbnail","","category-dunya1","category-haberler-arap-uluslararasi-politika","category-son-haberler"],"_links":{"self":[{"href":"https:\/\/archive.sana.sy\/tr\/index.php?rest_route=\/wp\/v2\/posts\/189271","targetHints":{"allow":["GET"]}}],"collection":[{"href":"https:\/\/archive.sana.sy\/tr\/index.php?rest_route=\/wp\/v2\/posts"}],"about":[{"href":"https:\/\/archive.sana.sy\/tr\/index.php?rest_route=\/wp\/v2\/types\/post"}],"author":[{"embeddable":true,"href":"https:\/\/archive.sana.sy\/tr\/index.php?rest_route=\/wp\/v2\/users\/1"}],"replies":[{"embeddable":true,"href":"https:\/\/archive.sana.sy\/tr\/index.php?rest_route=%2Fwp%2Fv2%2Fcomments&post=189271"}],"version-history":[{"count":0,"href":"https:\/\/archive.sana.sy\/tr\/index.php?rest_route=\/wp\/v2\/posts\/189271\/revisions"}],"wp:featuredmedia":[{"embeddable":true,"href":"https:\/\/archive.sana.sy\/tr\/index.php?rest_route=\/wp\/v2\/media\/189275"}],"wp:attachment":[{"href":"https:\/\/archive.sana.sy\/tr\/index.php?rest_route=%2Fwp%2Fv2%2Fmedia&parent=189271"}],"wp:term":[{"taxonomy":"category","embeddable":true,"href":"https:\/\/archive.sana.sy\/tr\/index.php?rest_route=%2Fwp%2Fv2%2Fcategories&post=189271"},{"taxonomy":"post_tag","embeddable":true,"href":"https:\/\/archive.sana.sy\/tr\/index.php?rest_route=%2Fwp%2Fv2%2Ftags&post=189271"}],"curies":[{"name":"wp","href":"https:\/\/api.w.org\/{rel}","templated":true}]}}