{"id":189295,"date":"2019-08-28T12:00:43","date_gmt":"2019-08-28T09:00:43","guid":{"rendered":"http:\/\/www.sana.sy\/tr\/?p=189295"},"modified":"2019-08-29T15:53:43","modified_gmt":"2019-08-29T12:53:43","slug":"savas-dokuz-yildir-muhtelif-yonlu-olarak-yurutuluyor","status":"publish","type":"post","link":"https:\/\/archive.sana.sy\/tr\/?p=189295","title":{"rendered":"Sava\u015f Dokuz Y\u0131ld\u0131r Muhtelif Y\u00f6nl\u00fc Olarak Y\u00fcr\u00fct\u00fcl\u00fcyor"},"content":{"rendered":"<p>\u015eAM \u2013 Cumhurba\u015fkanl\u0131\u011f\u0131 Siyasi ve Bas\u0131n Dan\u0131\u015fman\u0131 B\u00fcseyna \u015eaban Suriye ve halk\u0131na y\u00f6nelik dokuz y\u0131ld\u0131r y\u00fcr\u00fct\u00fclmekte olan sava\u015f\u0131n sadece askeri olmad\u0131\u011f\u0131n\u0131, bu sava\u015f\u0131n \u00e7ok y\u00f6nl\u00fc oldu\u011funu belirtti.<\/p>\n<p>D\u00fcn ak\u015fam Suriye Televizyon Kanal\u0131 ile m\u00fclakat\u0131nda \u015eaban; Suriye ve halk\u0131na y\u00f6nelik dokuz y\u0131ld\u0131r muhtelif y\u00f6nl\u00fc bir sava\u015f\u0131n y\u00fcr\u00fct\u00fcld\u00fc\u011f\u00fcn\u00fc belirtti. \u015eaban bu sava\u015fta Suriye ve halk\u0131na d\u00fc\u015fman taraflar\u0131n hi\u00e7bir kural ya da kanun tan\u0131mad\u0131klar\u0131n\u0131 vurgularken; Suriye halk\u0131n\u0131, k\u00fclt\u00fcr\u00fcn\u00fc, tarihini, servetini ve her \u015feyini ac\u0131mazs\u0131zca hedef ald\u0131klar\u0131n\u0131 ifade etti.<\/p>\n<p>Bu taraflar\u0131n sava\u015flar\u0131nda uluslararas\u0131 radikal ter\u00f6r\u00fc de kulland\u0131klar\u0131n\u0131 belirten \u015faban; d\u00fcnyan\u0131n her yerinden az\u0131l\u0131 ter\u00f6ristleri ve radikalleri seferber edip bir k\u0131s\u0131m kom\u015fu \u00fclkelerde e\u011fitip silahlarla donatmalar\u0131 ard\u0131ndan Suriye&#8217;ye g\u00f6nderdiklerini ve onlar\u0131 y\u00f6nlendirdiklerini s\u00f6yledi.<\/p>\n<p>\u015eaban Suriye ve halk\u0131na y\u00f6nelik sava\u015fta ter\u00f6re destek dahil her \u015feyin kan\u0131t ve belgelerle belgelendi\u011finin alt\u0131n\u0131 \u00e7izdi.<br \/>\nSuriye&#8217;nin devlet, ordu ve halk olarak omuz omuza vermesi ile d\u00fc\u015fmanlara ve edat olarak kulland\u0131klar\u0131 ter\u00f6ristlere kar\u015f\u0131 b\u00fcy\u00fck zaferler kaydedildi\u011fini ifade eden \u015eaban; Suriye&#8217;nin istisnas\u0131z her kar\u0131\u015f topra\u011f\u0131n\u0131n kurtar\u0131l\u0131p g\u00fcvenlik ve egemenli\u011fin sa\u011flanaca\u011f\u0131n\u0131n bir kez daha alt\u0131n\u0131 \u00e7izdi.<\/p>\n","protected":false},"excerpt":{"rendered":"<p>\u015eAM \u2013 Cumhurba\u015fkanl\u0131\u011f\u0131 Siyasi ve Bas\u0131n Dan\u0131\u015fman\u0131 B\u00fcseyna \u015eaban Suriye ve halk\u0131na y\u00f6nelik dokuz y\u0131ld\u0131r y\u00fcr\u00fct\u00fclmekte olan sava\u015f\u0131n sadece askeri olmad\u0131\u011f\u0131n\u0131, bu sava\u015f\u0131n \u00e7ok y\u00f6nl\u00fc oldu\u011funu belirtti. D\u00fcn ak\u015fam Suriye Televizyon Kanal\u0131 ile m\u00fclakat\u0131nda \u015eaban; Suriye ve halk\u0131na y\u00f6nelik dokuz y\u0131ld\u0131r muhtelif y\u00f6nl\u00fc bir sava\u015f\u0131n y\u00fcr\u00fct\u00fcld\u00fc\u011f\u00fcn\u00fc belirtti. \u015eaban bu sava\u015fta Suriye ve halk\u0131na d\u00fc\u015fman taraflar\u0131n &hellip;<\/p>\n","protected":false},"author":1,"featured_media":189301,"comment_status":"closed","ping_status":"closed","sticky":false,"template":"","format":"standard","meta":{"footnotes":""},"categories":[479,17988,478],"tags":[],"class_list":["post-189295","post","type-post","status-publish","format-standard","has-post-thumbnail","","category-haberler-yerel","category-son-haberler","category-yerel"],"_links":{"self":[{"href":"https:\/\/archive.sana.sy\/tr\/index.php?rest_route=\/wp\/v2\/posts\/189295","targetHints":{"allow":["GET"]}}],"collection":[{"href":"https:\/\/archive.sana.sy\/tr\/index.php?rest_route=\/wp\/v2\/posts"}],"about":[{"href":"https:\/\/archive.sana.sy\/tr\/index.php?rest_route=\/wp\/v2\/types\/post"}],"author":[{"embeddable":true,"href":"https:\/\/archive.sana.sy\/tr\/index.php?rest_route=\/wp\/v2\/users\/1"}],"replies":[{"embeddable":true,"href":"https:\/\/archive.sana.sy\/tr\/index.php?rest_route=%2Fwp%2Fv2%2Fcomments&post=189295"}],"version-history":[{"count":0,"href":"https:\/\/archive.sana.sy\/tr\/index.php?rest_route=\/wp\/v2\/posts\/189295\/revisions"}],"wp:featuredmedia":[{"embeddable":true,"href":"https:\/\/archive.sana.sy\/tr\/index.php?rest_route=\/wp\/v2\/media\/189301"}],"wp:attachment":[{"href":"https:\/\/archive.sana.sy\/tr\/index.php?rest_route=%2Fwp%2Fv2%2Fmedia&parent=189295"}],"wp:term":[{"taxonomy":"category","embeddable":true,"href":"https:\/\/archive.sana.sy\/tr\/index.php?rest_route=%2Fwp%2Fv2%2Fcategories&post=189295"},{"taxonomy":"post_tag","embeddable":true,"href":"https:\/\/archive.sana.sy\/tr\/index.php?rest_route=%2Fwp%2Fv2%2Ftags&post=189295"}],"curies":[{"name":"wp","href":"https:\/\/api.w.org\/{rel}","templated":true}]}}