{"id":189303,"date":"2019-08-28T12:10:38","date_gmt":"2019-08-28T09:10:38","guid":{"rendered":"http:\/\/www.sana.sy\/tr\/?p=189303"},"modified":"2019-08-29T15:53:55","modified_gmt":"2019-08-29T12:53:55","slug":"bircok-alanda-ortak-calismalar-masaya-yatirildi","status":"publish","type":"post","link":"https:\/\/archive.sana.sy\/tr\/?p=189303","title":{"rendered":"Bir\u00e7ok Alanda Ortak \u00c7al\u0131\u015fmalar Masaya Yat\u0131r\u0131ld\u0131"},"content":{"rendered":"<p>\u015eAM \u2013 Suriye \u0130ran Karma Ticaret Odas\u0131 toplant\u0131lar\u0131na haz\u0131rl\u0131k kapsam\u0131nda d\u00fcn ak\u015fam Ebla \u015eam Otelinde geni\u015f kat\u0131l\u0131ml\u0131 bir toplant\u0131 d\u00fczenlendi.<\/p>\n<p><a href=\"http:\/\/www.sana.sy\/tr\/wp-content\/uploads\/2019\/08\/25-31.jpg\"><img loading=\"lazy\" decoding=\"async\" class=\"alignright size-medium wp-image-189309\" src=\"http:\/\/www.sana.sy\/tr\/wp-content\/uploads\/2019\/08\/25-31-300x194.jpg\" alt=\"\" width=\"300\" height=\"194\" srcset=\"https:\/\/archive.sana.sy\/tr\/wp-content\/uploads\/2019\/08\/25-31-300x194.jpg 300w, https:\/\/archive.sana.sy\/tr\/wp-content\/uploads\/2019\/08\/25-31-150x97.jpg 150w, https:\/\/archive.sana.sy\/tr\/wp-content\/uploads\/2019\/08\/25-31-768x498.jpg 768w, https:\/\/archive.sana.sy\/tr\/wp-content\/uploads\/2019\/08\/25-31-1024x664.jpg 1024w\" sizes=\"auto, (max-width: 300px) 100vw, 300px\" \/><\/a>Toplant\u0131da Suriye ve \u0130ran aras\u0131nda ikili ticaret hacminin artt\u0131r\u0131lmas\u0131n\u0131n yan\u0131 s\u0131ra ekonomi, sanayi ve yat\u0131r\u0131m alanlar\u0131nda i\u015fbirli\u011fi ve ortak \u00e7al\u0131\u015fmalar\u0131n peki\u015ftirilmesi olanaklar\u0131 \u00fczerinde odaklan\u0131ld\u0131.<\/p>\n<p>Suriye \u0130ran Karma Ticaret Odas\u0131n\u0131n Suriye taraf\u0131 ba\u015fkan\u0131 Omran \u015eaban iki \u00fclkede \u00f6zel ve kamu sekt\u00f6rleri aras\u0131na ilaveten iki tarafl\u0131 anonim ekonomi \u015firketleri kurma \u00e7a\u011fr\u0131s\u0131nda bulundu.<\/p>\n<p>Karma Ticaret Odas\u0131nda \u0130ran taraf\u0131 ba\u015fkan\u0131 Kiyvan Ka\u015fifi ise toplant\u0131lara kat\u0131lan \u0130ranl\u0131 heyetin farkl\u0131 alanlarda uzman i\u015fadamlar\u0131 ve yat\u0131r\u0131mc\u0131lardan ibaret oldu\u011funa dikkat \u00e7ekti. Ka\u015fifi iki \u00fclkede mevcut yat\u0131r\u0131m, ticari ve ekonomi olanaklar\u0131na ili\u015fkin veri bankas\u0131 olu\u015fturulmas\u0131 \u00e7a\u011fr\u0131s\u0131nda bulundu.<\/p>\n<div id='gallery-1' class='gallery galleryid-189303 gallery-columns-3 gallery-size-full'><figure class='gallery-item'>\n\t\t\t<div class='gallery-icon landscape'>\n\t\t\t\t<a href='https:\/\/archive.sana.sy\/tr\/wp-content\/uploads\/2019\/08\/26-13.jpg'><img loading=\"lazy\" decoding=\"async\" width=\"3543\" height=\"2113\" src=\"https:\/\/archive.sana.sy\/tr\/wp-content\/uploads\/2019\/08\/26-13.jpg\" class=\"attachment-full size-full\" alt=\"\" srcset=\"https:\/\/archive.sana.sy\/tr\/wp-content\/uploads\/2019\/08\/26-13.jpg 3543w, https:\/\/archive.sana.sy\/tr\/wp-content\/uploads\/2019\/08\/26-13-150x89.jpg 150w, https:\/\/archive.sana.sy\/tr\/wp-content\/uploads\/2019\/08\/26-13-300x179.jpg 300w, https:\/\/archive.sana.sy\/tr\/wp-content\/uploads\/2019\/08\/26-13-768x458.jpg 768w, https:\/\/archive.sana.sy\/tr\/wp-content\/uploads\/2019\/08\/26-13-1024x611.jpg 1024w\" sizes=\"auto, (max-width: 3543px) 100vw, 3543px\" \/><\/a>\n\t\t\t<\/div><\/figure><figure class='gallery-item'>\n\t\t\t<div class='gallery-icon landscape'>\n\t\t\t\t<a href='https:\/\/archive.sana.sy\/tr\/wp-content\/uploads\/2019\/08\/27-10.jpg'><img loading=\"lazy\" decoding=\"async\" width=\"3543\" height=\"2110\" src=\"https:\/\/archive.sana.sy\/tr\/wp-content\/uploads\/2019\/08\/27-10.jpg\" class=\"attachment-full size-full\" alt=\"\" srcset=\"https:\/\/archive.sana.sy\/tr\/wp-content\/uploads\/2019\/08\/27-10.jpg 3543w, https:\/\/archive.sana.sy\/tr\/wp-content\/uploads\/2019\/08\/27-10-150x89.jpg 150w, https:\/\/archive.sana.sy\/tr\/wp-content\/uploads\/2019\/08\/27-10-300x179.jpg 300w, https:\/\/archive.sana.sy\/tr\/wp-content\/uploads\/2019\/08\/27-10-768x457.jpg 768w, https:\/\/archive.sana.sy\/tr\/wp-content\/uploads\/2019\/08\/27-10-1024x610.jpg 1024w\" sizes=\"auto, (max-width: 3543px) 100vw, 3543px\" \/><\/a>\n\t\t\t<\/div><\/figure><figure class='gallery-item'>\n\t\t\t<div class='gallery-icon landscape'>\n\t\t\t\t<a href='https:\/\/archive.sana.sy\/tr\/wp-content\/uploads\/2019\/08\/28-7.jpg'><img loading=\"lazy\" decoding=\"async\" width=\"3543\" height=\"2315\" src=\"https:\/\/archive.sana.sy\/tr\/wp-content\/uploads\/2019\/08\/28-7.jpg\" class=\"attachment-full size-full\" alt=\"\" srcset=\"https:\/\/archive.sana.sy\/tr\/wp-content\/uploads\/2019\/08\/28-7.jpg 3543w, https:\/\/archive.sana.sy\/tr\/wp-content\/uploads\/2019\/08\/28-7-150x98.jpg 150w, https:\/\/archive.sana.sy\/tr\/wp-content\/uploads\/2019\/08\/28-7-300x196.jpg 300w, https:\/\/archive.sana.sy\/tr\/wp-content\/uploads\/2019\/08\/28-7-768x502.jpg 768w, https:\/\/archive.sana.sy\/tr\/wp-content\/uploads\/2019\/08\/28-7-1024x669.jpg 1024w\" sizes=\"auto, (max-width: 3543px) 100vw, 3543px\" \/><\/a>\n\t\t\t<\/div><\/figure>\n\t\t<\/div>\n\n","protected":false},"excerpt":{"rendered":"<p>\u015eAM \u2013 Suriye \u0130ran Karma Ticaret Odas\u0131 toplant\u0131lar\u0131na haz\u0131rl\u0131k kapsam\u0131nda d\u00fcn ak\u015fam Ebla \u015eam Otelinde geni\u015f kat\u0131l\u0131ml\u0131 bir toplant\u0131 d\u00fczenlendi. Toplant\u0131da Suriye ve \u0130ran aras\u0131nda ikili ticaret hacminin artt\u0131r\u0131lmas\u0131n\u0131n yan\u0131 s\u0131ra ekonomi, sanayi ve yat\u0131r\u0131m alanlar\u0131nda i\u015fbirli\u011fi ve ortak \u00e7al\u0131\u015fmalar\u0131n peki\u015ftirilmesi olanaklar\u0131 \u00fczerinde odaklan\u0131ld\u0131. Suriye \u0130ran Karma Ticaret Odas\u0131n\u0131n Suriye taraf\u0131 ba\u015fkan\u0131 Omran \u015eaban iki &hellip;<\/p>\n","protected":false},"author":1,"featured_media":189304,"comment_status":"closed","ping_status":"closed","sticky":false,"template":"","format":"standard","meta":{"footnotes":""},"categories":[485,486,479,17988,478],"tags":[],"class_list":["post-189303","post","type-post","status-publish","format-standard","has-post-thumbnail","","category-is-ve-sermaye","category-haberler-is-ve-sermaye","category-haberler-yerel","category-son-haberler","category-yerel"],"_links":{"self":[{"href":"https:\/\/archive.sana.sy\/tr\/index.php?rest_route=\/wp\/v2\/posts\/189303","targetHints":{"allow":["GET"]}}],"collection":[{"href":"https:\/\/archive.sana.sy\/tr\/index.php?rest_route=\/wp\/v2\/posts"}],"about":[{"href":"https:\/\/archive.sana.sy\/tr\/index.php?rest_route=\/wp\/v2\/types\/post"}],"author":[{"embeddable":true,"href":"https:\/\/archive.sana.sy\/tr\/index.php?rest_route=\/wp\/v2\/users\/1"}],"replies":[{"embeddable":true,"href":"https:\/\/archive.sana.sy\/tr\/index.php?rest_route=%2Fwp%2Fv2%2Fcomments&post=189303"}],"version-history":[{"count":0,"href":"https:\/\/archive.sana.sy\/tr\/index.php?rest_route=\/wp\/v2\/posts\/189303\/revisions"}],"wp:featuredmedia":[{"embeddable":true,"href":"https:\/\/archive.sana.sy\/tr\/index.php?rest_route=\/wp\/v2\/media\/189304"}],"wp:attachment":[{"href":"https:\/\/archive.sana.sy\/tr\/index.php?rest_route=%2Fwp%2Fv2%2Fmedia&parent=189303"}],"wp:term":[{"taxonomy":"category","embeddable":true,"href":"https:\/\/archive.sana.sy\/tr\/index.php?rest_route=%2Fwp%2Fv2%2Fcategories&post=189303"},{"taxonomy":"post_tag","embeddable":true,"href":"https:\/\/archive.sana.sy\/tr\/index.php?rest_route=%2Fwp%2Fv2%2Ftags&post=189303"}],"curies":[{"name":"wp","href":"https:\/\/api.w.org\/{rel}","templated":true}]}}