{"id":189316,"date":"2019-08-28T12:02:38","date_gmt":"2019-08-28T09:02:38","guid":{"rendered":"http:\/\/www.sana.sy\/tr\/?p=189316"},"modified":"2019-08-29T15:53:50","modified_gmt":"2019-08-29T12:53:50","slug":"2019-devlet-odulleri-sahiplerini-buldu-video","status":"publish","type":"post","link":"https:\/\/archive.sana.sy\/tr\/?p=189316","title":{"rendered":"2019 Devlet \u00d6d\u00fclleri Sahiplerini Buldu (V\u0130DEO)"},"content":{"rendered":"<p>\u015eAM \u2013 K\u00fclt\u00fcr Bakanl\u0131\u011f\u0131 d\u00fczenledi\u011fi b\u00fcy\u00fck bir t\u00f6renle 2019 y\u0131l\u0131 devlet takdir \u00f6d\u00fcllerini sahiplerine da\u011f\u0131tt\u0131.<\/p>\n<p>Ba\u015fkent \u015eam&#8217;daki Esad K\u00fclt\u00fcr Sanat Merkezinde d\u00fczenlenen b\u00fcy\u00fck t\u00f6rende k\u00fclt\u00fcr ve sanat\u0131n farkl\u0131 alanlar\u0131 ve dallar\u0131nda yap\u0131lan yar\u0131\u015fmalarda 2019 y\u0131l\u0131 devlet takdir \u00f6d\u00fclleri sahiplerine da\u011f\u0131t\u0131ld\u0131.<\/p>\n<div id='gallery-1' class='gallery galleryid-189316 gallery-columns-1 gallery-size-full'><figure class='gallery-item'>\n\t\t\t<div class='gallery-icon landscape'>\n\t\t\t\t<a href='https:\/\/archive.sana.sy\/tr\/wp-content\/uploads\/2019\/08\/12-100.jpg'><img loading=\"lazy\" decoding=\"async\" width=\"3543\" height=\"2442\" src=\"https:\/\/archive.sana.sy\/tr\/wp-content\/uploads\/2019\/08\/12-100.jpg\" class=\"attachment-full size-full\" alt=\"\" srcset=\"https:\/\/archive.sana.sy\/tr\/wp-content\/uploads\/2019\/08\/12-100.jpg 3543w, https:\/\/archive.sana.sy\/tr\/wp-content\/uploads\/2019\/08\/12-100-150x103.jpg 150w, https:\/\/archive.sana.sy\/tr\/wp-content\/uploads\/2019\/08\/12-100-300x207.jpg 300w, https:\/\/archive.sana.sy\/tr\/wp-content\/uploads\/2019\/08\/12-100-768x529.jpg 768w, https:\/\/archive.sana.sy\/tr\/wp-content\/uploads\/2019\/08\/12-100-1024x706.jpg 1024w, https:\/\/archive.sana.sy\/tr\/wp-content\/uploads\/2019\/08\/12-100-110x75.jpg 110w\" sizes=\"auto, (max-width: 3543px) 100vw, 3543px\" \/><\/a>\n\t\t\t<\/div><\/figure><figure class='gallery-item'>\n\t\t\t<div class='gallery-icon landscape'>\n\t\t\t\t<a href='https:\/\/archive.sana.sy\/tr\/wp-content\/uploads\/2019\/08\/13-72.jpg'><img loading=\"lazy\" decoding=\"async\" width=\"3543\" height=\"2351\" src=\"https:\/\/archive.sana.sy\/tr\/wp-content\/uploads\/2019\/08\/13-72.jpg\" class=\"attachment-full size-full\" alt=\"\" srcset=\"https:\/\/archive.sana.sy\/tr\/wp-content\/uploads\/2019\/08\/13-72.jpg 3543w, https:\/\/archive.sana.sy\/tr\/wp-content\/uploads\/2019\/08\/13-72-150x100.jpg 150w, https:\/\/archive.sana.sy\/tr\/wp-content\/uploads\/2019\/08\/13-72-300x199.jpg 300w, https:\/\/archive.sana.sy\/tr\/wp-content\/uploads\/2019\/08\/13-72-768x510.jpg 768w, https:\/\/archive.sana.sy\/tr\/wp-content\/uploads\/2019\/08\/13-72-1024x679.jpg 1024w, https:\/\/archive.sana.sy\/tr\/wp-content\/uploads\/2019\/08\/13-72-310x205.jpg 310w\" sizes=\"auto, (max-width: 3543px) 100vw, 3543px\" \/><\/a>\n\t\t\t<\/div><\/figure><figure class='gallery-item'>\n\t\t\t<div class='gallery-icon landscape'>\n\t\t\t\t<a href='https:\/\/archive.sana.sy\/tr\/wp-content\/uploads\/2019\/08\/14-75.jpg'><img loading=\"lazy\" decoding=\"async\" width=\"3543\" height=\"2660\" src=\"https:\/\/archive.sana.sy\/tr\/wp-content\/uploads\/2019\/08\/14-75.jpg\" class=\"attachment-full size-full\" alt=\"\" srcset=\"https:\/\/archive.sana.sy\/tr\/wp-content\/uploads\/2019\/08\/14-75.jpg 3543w, https:\/\/archive.sana.sy\/tr\/wp-content\/uploads\/2019\/08\/14-75-150x113.jpg 150w, https:\/\/archive.sana.sy\/tr\/wp-content\/uploads\/2019\/08\/14-75-300x225.jpg 300w, https:\/\/archive.sana.sy\/tr\/wp-content\/uploads\/2019\/08\/14-75-768x577.jpg 768w, https:\/\/archive.sana.sy\/tr\/wp-content\/uploads\/2019\/08\/14-75-1024x769.jpg 1024w\" sizes=\"auto, (max-width: 3543px) 100vw, 3543px\" \/><\/a>\n\t\t\t<\/div><\/figure><figure class='gallery-item'>\n\t\t\t<div class='gallery-icon landscape'>\n\t\t\t\t<a href='https:\/\/archive.sana.sy\/tr\/wp-content\/uploads\/2019\/08\/15-64.jpg'><img loading=\"lazy\" decoding=\"async\" width=\"3543\" height=\"2358\" src=\"https:\/\/archive.sana.sy\/tr\/wp-content\/uploads\/2019\/08\/15-64.jpg\" class=\"attachment-full size-full\" alt=\"\" srcset=\"https:\/\/archive.sana.sy\/tr\/wp-content\/uploads\/2019\/08\/15-64.jpg 3543w, https:\/\/archive.sana.sy\/tr\/wp-content\/uploads\/2019\/08\/15-64-150x100.jpg 150w, https:\/\/archive.sana.sy\/tr\/wp-content\/uploads\/2019\/08\/15-64-300x200.jpg 300w, https:\/\/archive.sana.sy\/tr\/wp-content\/uploads\/2019\/08\/15-64-768x511.jpg 768w, https:\/\/archive.sana.sy\/tr\/wp-content\/uploads\/2019\/08\/15-64-1024x682.jpg 1024w, https:\/\/archive.sana.sy\/tr\/wp-content\/uploads\/2019\/08\/15-64-310x205.jpg 310w\" sizes=\"auto, (max-width: 3543px) 100vw, 3543px\" \/><\/a>\n\t\t\t<\/div><\/figure>\n\t\t<\/div>\n\n<p>&nbsp;<\/p>\n<p><iframe loading=\"lazy\" src=\"https:\/\/www.youtube.com\/embed\/dfF9f5aS1bM\" width=\"620\" height=\"348\" frameborder=\"0\" allowfullscreen=\"allowfullscreen\"><\/iframe><\/p>\n<p><iframe loading=\"lazy\" src=\"https:\/\/www.youtube.com\/embed\/GYliqdZIxS8\" width=\"620\" height=\"348\" frameborder=\"0\" allowfullscreen=\"allowfullscreen\"><\/iframe><\/p>\n","protected":false},"excerpt":{"rendered":"<p>\u015eAM \u2013 K\u00fclt\u00fcr Bakanl\u0131\u011f\u0131 d\u00fczenledi\u011fi b\u00fcy\u00fck bir t\u00f6renle 2019 y\u0131l\u0131 devlet takdir \u00f6d\u00fcllerini sahiplerine da\u011f\u0131tt\u0131. Ba\u015fkent \u015eam&#8217;daki Esad K\u00fclt\u00fcr Sanat Merkezinde d\u00fczenlenen b\u00fcy\u00fck t\u00f6rende k\u00fclt\u00fcr ve sanat\u0131n farkl\u0131 alanlar\u0131 ve dallar\u0131nda yap\u0131lan yar\u0131\u015fmalarda 2019 y\u0131l\u0131 devlet takdir \u00f6d\u00fclleri sahiplerine da\u011f\u0131t\u0131ld\u0131. &nbsp;<\/p>\n","protected":false},"author":1,"featured_media":189317,"comment_status":"closed","ping_status":"closed","sticky":false,"template":"","format":"standard","meta":{"footnotes":""},"categories":[596,516,479,511,17988,478],"tags":[],"class_list":["post-189316","post","type-post","status-publish","format-standard","has-post-thumbnail","","category-fotografli-raporlar","category-haberler-kultur-ve-sanat","category-haberler-yerel","category-kultur-ve-sanat","category-son-haberler","category-yerel"],"_links":{"self":[{"href":"https:\/\/archive.sana.sy\/tr\/index.php?rest_route=\/wp\/v2\/posts\/189316","targetHints":{"allow":["GET"]}}],"collection":[{"href":"https:\/\/archive.sana.sy\/tr\/index.php?rest_route=\/wp\/v2\/posts"}],"about":[{"href":"https:\/\/archive.sana.sy\/tr\/index.php?rest_route=\/wp\/v2\/types\/post"}],"author":[{"embeddable":true,"href":"https:\/\/archive.sana.sy\/tr\/index.php?rest_route=\/wp\/v2\/users\/1"}],"replies":[{"embeddable":true,"href":"https:\/\/archive.sana.sy\/tr\/index.php?rest_route=%2Fwp%2Fv2%2Fcomments&post=189316"}],"version-history":[{"count":0,"href":"https:\/\/archive.sana.sy\/tr\/index.php?rest_route=\/wp\/v2\/posts\/189316\/revisions"}],"wp:featuredmedia":[{"embeddable":true,"href":"https:\/\/archive.sana.sy\/tr\/index.php?rest_route=\/wp\/v2\/media\/189317"}],"wp:attachment":[{"href":"https:\/\/archive.sana.sy\/tr\/index.php?rest_route=%2Fwp%2Fv2%2Fmedia&parent=189316"}],"wp:term":[{"taxonomy":"category","embeddable":true,"href":"https:\/\/archive.sana.sy\/tr\/index.php?rest_route=%2Fwp%2Fv2%2Fcategories&post=189316"},{"taxonomy":"post_tag","embeddable":true,"href":"https:\/\/archive.sana.sy\/tr\/index.php?rest_route=%2Fwp%2Fv2%2Ftags&post=189316"}],"curies":[{"name":"wp","href":"https:\/\/api.w.org\/{rel}","templated":true}]}}