{"id":189325,"date":"2019-08-28T11:36:30","date_gmt":"2019-08-28T08:36:30","guid":{"rendered":"http:\/\/www.sana.sy\/tr\/?p=189325"},"modified":"2019-08-29T14:05:15","modified_gmt":"2019-08-29T11:05:15","slug":"asker-maaslarina-iliskin-kanun-yeniden-duzenlendi","status":"publish","type":"post","link":"https:\/\/archive.sana.sy\/tr\/?p=189325","title":{"rendered":"Asker Maa\u015flar\u0131na \u0130li\u015fkin Kanun Yeniden D\u00fczenlendi"},"content":{"rendered":"<p>\u015eAM \u2013 Cumhurba\u015fkan\u0131 Be\u015f\u015far el Esad bug\u00fcn asker maa\u015flar\u0131 ve askeri i\u00e7 g\u00fcvenlik maa\u015flar\u0131na ili\u015fkin kanunlarda de\u011fi\u015fikli\u011fin yap\u0131lmas\u0131n\u0131 \u00f6ng\u00f6ren 2019\/18 say\u0131l\u0131 yasama karar\u0131n\u0131 onaylad\u0131.<\/p>\n<p>Yeni d\u00fczenlemelerde normal bir \u015fekilde emekliye ayr\u0131lanlar veya ald\u0131klar\u0131 isabet nedeniyle emekliye ayr\u0131lanlara yap\u0131lan ikramiye \u00f6demeleri ve maa\u015flar\u0131n belirli ko\u015fullar dahilinde artmas\u0131 \u00f6ng\u00f6r\u00fcl\u00fcyor.<\/p>\n","protected":false},"excerpt":{"rendered":"<p>\u015eAM \u2013 Cumhurba\u015fkan\u0131 Be\u015f\u015far el Esad bug\u00fcn asker maa\u015flar\u0131 ve askeri i\u00e7 g\u00fcvenlik maa\u015flar\u0131na ili\u015fkin kanunlarda de\u011fi\u015fikli\u011fin yap\u0131lmas\u0131n\u0131 \u00f6ng\u00f6ren 2019\/18 say\u0131l\u0131 yasama karar\u0131n\u0131 onaylad\u0131. Yeni d\u00fczenlemelerde normal bir \u015fekilde emekliye ayr\u0131lanlar veya ald\u0131klar\u0131 isabet nedeniyle emekliye ayr\u0131lanlara yap\u0131lan ikramiye \u00f6demeleri ve maa\u015flar\u0131n belirli ko\u015fullar dahilinde artmas\u0131 \u00f6ng\u00f6r\u00fcl\u00fcyor.<\/p>\n","protected":false},"author":1,"featured_media":189326,"comment_status":"closed","ping_status":"closed","sticky":false,"template":"","format":"standard","meta":{"footnotes":""},"categories":[479,605,17988,612,599,478],"tags":[],"class_list":["post-189325","post","type-post","status-publish","format-standard","has-post-thumbnail","","category-haberler-yerel","category-sayin-cumhurbaskani","category-son-haberler","category-yasama-kararnameler","category-yasama-ve-kanunlar","category-yerel"],"_links":{"self":[{"href":"https:\/\/archive.sana.sy\/tr\/index.php?rest_route=\/wp\/v2\/posts\/189325","targetHints":{"allow":["GET"]}}],"collection":[{"href":"https:\/\/archive.sana.sy\/tr\/index.php?rest_route=\/wp\/v2\/posts"}],"about":[{"href":"https:\/\/archive.sana.sy\/tr\/index.php?rest_route=\/wp\/v2\/types\/post"}],"author":[{"embeddable":true,"href":"https:\/\/archive.sana.sy\/tr\/index.php?rest_route=\/wp\/v2\/users\/1"}],"replies":[{"embeddable":true,"href":"https:\/\/archive.sana.sy\/tr\/index.php?rest_route=%2Fwp%2Fv2%2Fcomments&post=189325"}],"version-history":[{"count":0,"href":"https:\/\/archive.sana.sy\/tr\/index.php?rest_route=\/wp\/v2\/posts\/189325\/revisions"}],"wp:featuredmedia":[{"embeddable":true,"href":"https:\/\/archive.sana.sy\/tr\/index.php?rest_route=\/wp\/v2\/media\/189326"}],"wp:attachment":[{"href":"https:\/\/archive.sana.sy\/tr\/index.php?rest_route=%2Fwp%2Fv2%2Fmedia&parent=189325"}],"wp:term":[{"taxonomy":"category","embeddable":true,"href":"https:\/\/archive.sana.sy\/tr\/index.php?rest_route=%2Fwp%2Fv2%2Fcategories&post=189325"},{"taxonomy":"post_tag","embeddable":true,"href":"https:\/\/archive.sana.sy\/tr\/index.php?rest_route=%2Fwp%2Fv2%2Ftags&post=189325"}],"curies":[{"name":"wp","href":"https:\/\/api.w.org\/{rel}","templated":true}]}}