{"id":189439,"date":"2019-08-29T14:56:20","date_gmt":"2019-08-29T11:56:20","guid":{"rendered":"http:\/\/www.sana.sy\/tr\/?p=189439"},"modified":"2019-08-30T13:30:06","modified_gmt":"2019-08-30T10:30:06","slug":"suriye-ve-kirim-anlasma-imzaladilar","status":"publish","type":"post","link":"https:\/\/archive.sana.sy\/tr\/?p=189439","title":{"rendered":"Suriye ve K\u0131r\u0131m Anla\u015fma \u0130mzalad\u0131lar"},"content":{"rendered":"<p>\u015eAM \u2013 Suriye ve K\u0131r\u0131m bug\u00fcn iki \u00fclke aras\u0131ndaki ekonomik ve ticari ili\u015fkilerin farkl\u0131 alanlarda geli\u015ftirilmesi ve peki\u015ftirilmesi ama\u00e7l\u0131 bir anla\u015fmaya imza att\u0131lar.<\/p>\n<p><a href=\"http:\/\/www.sana.sy\/tr\/wp-content\/uploads\/2019\/08\/2-36.jpg\"><img loading=\"lazy\" decoding=\"async\" class=\"alignright wp-image-189440 size-medium\" src=\"http:\/\/www.sana.sy\/tr\/wp-content\/uploads\/2019\/08\/2-36-300x205.jpg\" alt=\"\" width=\"300\" height=\"205\" srcset=\"https:\/\/archive.sana.sy\/tr\/wp-content\/uploads\/2019\/08\/2-36-300x205.jpg 300w, https:\/\/archive.sana.sy\/tr\/wp-content\/uploads\/2019\/08\/2-36-150x103.jpg 150w, https:\/\/archive.sana.sy\/tr\/wp-content\/uploads\/2019\/08\/2-36-110x75.jpg 110w, https:\/\/archive.sana.sy\/tr\/wp-content\/uploads\/2019\/08\/2-36.jpg 660w\" sizes=\"auto, (max-width: 300px) 100vw, 300px\" \/><\/a>Uluslararas\u0131 \u015eam Fuar\u0131n\u0131n 61. d\u00f6nem faaliyetleri kapsam\u0131nda imzalanan anla\u015fmada iki \u00fclke aras\u0131nda ortak ticaret merkezinin yan\u0131 s\u0131ra \u00f6zel sekt\u00f6rde deniz ta\u015f\u0131mac\u0131l\u0131\u011f\u0131 \u015firketinin kurulmas\u0131 dahil bir dizi ortak proje yer al\u0131yor.<\/p>\n<p>Anla\u015fmay\u0131 imzalan K\u0131r\u0131m Ba\u015fbakan Yard\u0131mc\u0131s\u0131 Georgy Muradov Suriye&#8217;ye bulundu\u011fu ziyaretin amac\u0131n\u0131n ikili ticari ve ekonomik ili\u015fkileri peki\u015ftirecek anla\u015fmalara imza atman\u0131n yan\u0131 s\u0131ra Uluslararas\u0131 \u015eam Fuar\u0131n\u0131n 61. d\u00f6nem faaliyetlerine kat\u0131lmak oldu\u011funu s\u00f6yledi.<\/p>\n<p>Muradov Suriye&#8217;nin ter\u00f6re kar\u015f\u0131 sava\u015fta sa\u011flad\u0131\u011f\u0131 ba\u015far\u0131lar\u0131 \u00f6verken, bu ba\u015far\u0131lar\u0131n yeniden yap\u0131lanma ve kalk\u0131nma s\u00fcrecini h\u0131zland\u0131raca\u011f\u0131n\u0131 ifade etti.<\/p>\n<p>Ekonomi ve D\u0131\u015f Ticaret Bakan\u0131 Muhammed Samir halil ise iki \u00fclke aras\u0131nda bir y\u0131ll\u0131k ili\u015fkilerden sonra imzalanan anla\u015fman\u0131n iki \u00fclke aras\u0131ndaki ili\u015fkileri farkl\u0131 alanlarda geli\u015ftirmeye ciddi bir katk\u0131 sa\u011flayaca\u011f\u0131na dikkat \u00e7ekti.<\/p>\n","protected":false},"excerpt":{"rendered":"<p>\u015eAM \u2013 Suriye ve K\u0131r\u0131m bug\u00fcn iki \u00fclke aras\u0131ndaki ekonomik ve ticari ili\u015fkilerin farkl\u0131 alanlarda geli\u015ftirilmesi ve peki\u015ftirilmesi ama\u00e7l\u0131 bir anla\u015fmaya imza att\u0131lar. Uluslararas\u0131 \u015eam Fuar\u0131n\u0131n 61. d\u00f6nem faaliyetleri kapsam\u0131nda imzalanan anla\u015fmada iki \u00fclke aras\u0131nda ortak ticaret merkezinin yan\u0131 s\u0131ra \u00f6zel sekt\u00f6rde deniz ta\u015f\u0131mac\u0131l\u0131\u011f\u0131 \u015firketinin kurulmas\u0131 dahil bir dizi ortak proje yer al\u0131yor. Anla\u015fmay\u0131 imzalan &hellip;<\/p>\n","protected":false},"author":1,"featured_media":189441,"comment_status":"closed","ping_status":"closed","sticky":false,"template":"","format":"standard","meta":{"footnotes":""},"categories":[38173,485,479,486,17988,478],"tags":[],"class_list":["post-189439","post","type-post","status-publish","format-standard","has-post-thumbnail","","category-61-uluslararasi-sam-fuari","category-is-ve-sermaye","category-haberler-yerel","category-haberler-is-ve-sermaye","category-son-haberler","category-yerel"],"_links":{"self":[{"href":"https:\/\/archive.sana.sy\/tr\/index.php?rest_route=\/wp\/v2\/posts\/189439","targetHints":{"allow":["GET"]}}],"collection":[{"href":"https:\/\/archive.sana.sy\/tr\/index.php?rest_route=\/wp\/v2\/posts"}],"about":[{"href":"https:\/\/archive.sana.sy\/tr\/index.php?rest_route=\/wp\/v2\/types\/post"}],"author":[{"embeddable":true,"href":"https:\/\/archive.sana.sy\/tr\/index.php?rest_route=\/wp\/v2\/users\/1"}],"replies":[{"embeddable":true,"href":"https:\/\/archive.sana.sy\/tr\/index.php?rest_route=%2Fwp%2Fv2%2Fcomments&post=189439"}],"version-history":[{"count":0,"href":"https:\/\/archive.sana.sy\/tr\/index.php?rest_route=\/wp\/v2\/posts\/189439\/revisions"}],"wp:featuredmedia":[{"embeddable":true,"href":"https:\/\/archive.sana.sy\/tr\/index.php?rest_route=\/wp\/v2\/media\/189441"}],"wp:attachment":[{"href":"https:\/\/archive.sana.sy\/tr\/index.php?rest_route=%2Fwp%2Fv2%2Fmedia&parent=189439"}],"wp:term":[{"taxonomy":"category","embeddable":true,"href":"https:\/\/archive.sana.sy\/tr\/index.php?rest_route=%2Fwp%2Fv2%2Fcategories&post=189439"},{"taxonomy":"post_tag","embeddable":true,"href":"https:\/\/archive.sana.sy\/tr\/index.php?rest_route=%2Fwp%2Fv2%2Ftags&post=189439"}],"curies":[{"name":"wp","href":"https:\/\/api.w.org\/{rel}","templated":true}]}}