{"id":189564,"date":"2019-08-30T12:10:58","date_gmt":"2019-08-30T09:10:58","guid":{"rendered":"http:\/\/www.sana.sy\/tr\/?p=189564"},"modified":"2019-08-30T13:40:17","modified_gmt":"2019-08-30T10:40:17","slug":"daha-once-teror-varligindan-dolayi-tehcir-edilen-ve-lubnanda-yasayan-suriyelilerden-yuzlerce-aileler-vatana-dondu","status":"publish","type":"post","link":"https:\/\/archive.sana.sy\/tr\/?p=189564","title":{"rendered":"Daha \u00f6nce ter\u00f6r varl\u0131\u011f\u0131ndan dolay\u0131 tehcir edilen ve L\u00fcbnan\u2019da ya\u015fayan Suriyelilerden y\u00fczlerce aileler vatana d\u00f6nd\u00fc"},"content":{"rendered":"<p>Daha \u00f6nce ter\u00f6r varl\u0131\u011f\u0131ndan dolay\u0131 tehcir edilen ve L\u00fcbnan\u2019da ya\u015fayan Suriyelilerden y\u00fczlerce aileler vatana d\u00f6nd\u00fc<br \/>\n<iframe loading=\"lazy\" src=\"https:\/\/www.youtube.com\/embed\/qQVLDi5XrVQ\" width=\"620\" height=\"348\" frameborder=\"0\" allowfullscreen=\"allowfullscreen\"><\/iframe><\/p>\n","protected":false},"excerpt":{"rendered":"<p>Daha \u00f6nce ter\u00f6r varl\u0131\u011f\u0131ndan dolay\u0131 tehcir edilen ve L\u00fcbnan\u2019da ya\u015fayan Suriyelilerden y\u00fczlerce aileler vatana d\u00f6nd\u00fc<\/p>\n","protected":false},"author":1,"featured_media":189565,"comment_status":"closed","ping_status":"closed","sticky":false,"template":"","format":"standard","meta":{"footnotes":""},"categories":[18295],"tags":[],"class_list":["post-189564","post","type-post","status-publish","format-standard","has-post-thumbnail","","category-sana-video"],"_links":{"self":[{"href":"https:\/\/archive.sana.sy\/tr\/index.php?rest_route=\/wp\/v2\/posts\/189564","targetHints":{"allow":["GET"]}}],"collection":[{"href":"https:\/\/archive.sana.sy\/tr\/index.php?rest_route=\/wp\/v2\/posts"}],"about":[{"href":"https:\/\/archive.sana.sy\/tr\/index.php?rest_route=\/wp\/v2\/types\/post"}],"author":[{"embeddable":true,"href":"https:\/\/archive.sana.sy\/tr\/index.php?rest_route=\/wp\/v2\/users\/1"}],"replies":[{"embeddable":true,"href":"https:\/\/archive.sana.sy\/tr\/index.php?rest_route=%2Fwp%2Fv2%2Fcomments&post=189564"}],"version-history":[{"count":0,"href":"https:\/\/archive.sana.sy\/tr\/index.php?rest_route=\/wp\/v2\/posts\/189564\/revisions"}],"wp:featuredmedia":[{"embeddable":true,"href":"https:\/\/archive.sana.sy\/tr\/index.php?rest_route=\/wp\/v2\/media\/189565"}],"wp:attachment":[{"href":"https:\/\/archive.sana.sy\/tr\/index.php?rest_route=%2Fwp%2Fv2%2Fmedia&parent=189564"}],"wp:term":[{"taxonomy":"category","embeddable":true,"href":"https:\/\/archive.sana.sy\/tr\/index.php?rest_route=%2Fwp%2Fv2%2Fcategories&post=189564"},{"taxonomy":"post_tag","embeddable":true,"href":"https:\/\/archive.sana.sy\/tr\/index.php?rest_route=%2Fwp%2Fv2%2Ftags&post=189564"}],"curies":[{"name":"wp","href":"https:\/\/api.w.org\/{rel}","templated":true}]}}