{"id":189622,"date":"2019-08-30T21:16:03","date_gmt":"2019-08-30T18:16:03","guid":{"rendered":"http:\/\/sana.sy\/tr\/?p=189622"},"modified":"2019-08-31T13:15:33","modified_gmt":"2019-08-31T10:15:33","slug":"cek-kizil-hac-orgutunden-suriye-halkina-yeni-saglik-yardimlari","status":"publish","type":"post","link":"https:\/\/archive.sana.sy\/tr\/?p=189622","title":{"rendered":"\u00c7ek K\u0131z\u0131l Ha\u00e7 \u00d6rg\u00fct\u00fcnden Suriye Halk\u0131na Yeni Sa\u011fl\u0131k Yard\u0131mlar\u0131"},"content":{"rendered":"<p style=\"text-align: justify;\">PRAG \u2013 \u00c7ek K\u0131z\u0131l Ha\u00e7 \u00d6rg\u00fct\u00fc Genel Sekreteri Josef Kon\u00e7ni, \u00f6rg\u00fct\u00fcn Suriye halk\u0131na daha fazla sa\u011fl\u0131k yard\u0131m\u0131 g\u00f6ndermeye \u00e7al\u0131\u015ft\u0131\u011f\u0131n\u0131 belirtti.<\/p>\n<p style=\"text-align: justify;\">S\u00f6z konusu a\u00e7\u0131klama \u00c7ek Cumhuriyetinde Suriye B\u00fcy\u00fckel\u00e7ili\u011fi Maslahatg\u00fczar\u0131 Emire Karavani&#8217;nin Kon\u00e7ni ile yapt\u0131\u011f\u0131 g\u00f6r\u00fc\u015fme esnas\u0131nda gelirken, i\u00e7inde 2 ambulans arac\u0131, 13 ink\u00fcbat\u00f6r, radyoloji ekipman\u0131 ve di\u011fer bir\u00e7ok t\u0131bbi cihaz da dahil olmak \u00fczere, \u00c7ek K\u0131z\u0131l Ha\u00e7&#8217;tan Suriye halk\u0131na yeni bir t\u0131bbi yard\u0131m kargosunun g\u00f6nderilmesi i\u00e7in yap\u0131lan d\u00fczenlemeler ele al\u0131nd\u0131.<\/p>\n<p style=\"text-align: justify;\">Karavani, \u00c7ek h\u00fck\u00fcmeti ve \u00c7ek K\u0131z\u0131l Ha\u00e7 \u00d6rg\u00fct\u00fcne, \u00f6zellikle sa\u011fl\u0131k yard\u0131mlar\u0131 olmak \u00fczere, sa\u011fl\u0131k tesislerinin \u00e7o\u011funun ter\u00f6ristler ve destek\u00e7ileri taraf\u0131ndan tahrip edilmesinden zarar g\u00f6ren Suriyeli halk\u0131na g\u00f6nderdikleri yard\u0131mlardan dolay\u0131 \u015f\u00fckranlar\u0131n\u0131 sundu.<\/p>\n<p>\u00c7eviri: S. \u015eahhut<\/p>\n","protected":false},"excerpt":{"rendered":"<p>PRAG \u2013 \u00c7ek K\u0131z\u0131l Ha\u00e7 \u00d6rg\u00fct\u00fc Genel Sekreteri Josef Kon\u00e7ni, \u00f6rg\u00fct\u00fcn Suriye halk\u0131na daha fazla sa\u011fl\u0131k yard\u0131m\u0131 g\u00f6ndermeye \u00e7al\u0131\u015ft\u0131\u011f\u0131n\u0131 belirtti. S\u00f6z konusu a\u00e7\u0131klama \u00c7ek Cumhuriyetinde Suriye B\u00fcy\u00fckel\u00e7ili\u011fi Maslahatg\u00fczar\u0131 Emire Karavani&#8217;nin Kon\u00e7ni ile yapt\u0131\u011f\u0131 g\u00f6r\u00fc\u015fme esnas\u0131nda gelirken, i\u00e7inde 2 ambulans arac\u0131, 13 ink\u00fcbat\u00f6r, radyoloji ekipman\u0131 ve di\u011fer bir\u00e7ok t\u0131bbi cihaz da dahil olmak \u00fczere, \u00c7ek K\u0131z\u0131l &hellip;<\/p>\n","protected":false},"author":1,"featured_media":189624,"comment_status":"closed","ping_status":"closed","sticky":false,"template":"","format":"standard","meta":{"footnotes":""},"categories":[458,459,17988],"tags":[],"class_list":["post-189622","post","type-post","status-publish","format-standard","has-post-thumbnail","","category-dunya1","category-haberler-arap-uluslararasi-politika","category-son-haberler"],"_links":{"self":[{"href":"https:\/\/archive.sana.sy\/tr\/index.php?rest_route=\/wp\/v2\/posts\/189622","targetHints":{"allow":["GET"]}}],"collection":[{"href":"https:\/\/archive.sana.sy\/tr\/index.php?rest_route=\/wp\/v2\/posts"}],"about":[{"href":"https:\/\/archive.sana.sy\/tr\/index.php?rest_route=\/wp\/v2\/types\/post"}],"author":[{"embeddable":true,"href":"https:\/\/archive.sana.sy\/tr\/index.php?rest_route=\/wp\/v2\/users\/1"}],"replies":[{"embeddable":true,"href":"https:\/\/archive.sana.sy\/tr\/index.php?rest_route=%2Fwp%2Fv2%2Fcomments&post=189622"}],"version-history":[{"count":0,"href":"https:\/\/archive.sana.sy\/tr\/index.php?rest_route=\/wp\/v2\/posts\/189622\/revisions"}],"wp:featuredmedia":[{"embeddable":true,"href":"https:\/\/archive.sana.sy\/tr\/index.php?rest_route=\/wp\/v2\/media\/189624"}],"wp:attachment":[{"href":"https:\/\/archive.sana.sy\/tr\/index.php?rest_route=%2Fwp%2Fv2%2Fmedia&parent=189622"}],"wp:term":[{"taxonomy":"category","embeddable":true,"href":"https:\/\/archive.sana.sy\/tr\/index.php?rest_route=%2Fwp%2Fv2%2Fcategories&post=189622"},{"taxonomy":"post_tag","embeddable":true,"href":"https:\/\/archive.sana.sy\/tr\/index.php?rest_route=%2Fwp%2Fv2%2Ftags&post=189622"}],"curies":[{"name":"wp","href":"https:\/\/api.w.org\/{rel}","templated":true}]}}