{"id":189634,"date":"2019-08-30T23:53:57","date_gmt":"2019-08-30T20:53:57","guid":{"rendered":"http:\/\/sana.sy\/tr\/?p=189634"},"modified":"2019-08-31T13:16:23","modified_gmt":"2019-08-31T10:16:23","slug":"uluslararasi-sam-fuarinda-15-bae-sirketinin-gozu-suriye-pazarina-yoneliyor","status":"publish","type":"post","link":"https:\/\/archive.sana.sy\/tr\/?p=189634","title":{"rendered":"Uluslararas\u0131 \u015eam Fuar\u0131&#8217;nda 15 BAE \u015eirketinin G\u00f6z\u00fc Suriye Pazar\u0131na Y\u00f6neliyor"},"content":{"rendered":"<p style=\"text-align: justify;\">\u015eAM \u2013 61. D\u00f6nem Uluslararas\u0131 \u015eam Fuar\u0131&#8217;nda\u00a0 Birle\u015fik Arap Emirliklerinden 15 firma onuncu reyonda 500 metrekarelik bir alan \u00fczerindekat\u0131l\u0131yor.<\/p>\n<p style=\"text-align: justify;\"><a href=\"http:\/\/sana.sy\/tr\/wp-content\/uploads\/2019\/08\/2-38.jpg\"><img loading=\"lazy\" decoding=\"async\" class=\"alignright size-medium wp-image-189636\" src=\"http:\/\/sana.sy\/tr\/wp-content\/uploads\/2019\/08\/2-38-300x181.jpg\" alt=\"\" width=\"300\" height=\"181\" srcset=\"https:\/\/archive.sana.sy\/tr\/wp-content\/uploads\/2019\/08\/2-38-300x181.jpg 300w, https:\/\/archive.sana.sy\/tr\/wp-content\/uploads\/2019\/08\/2-38-150x91.jpg 150w, https:\/\/archive.sana.sy\/tr\/wp-content\/uploads\/2019\/08\/2-38-768x463.jpg 768w, https:\/\/archive.sana.sy\/tr\/wp-content\/uploads\/2019\/08\/2-38-1024x618.jpg 1024w\" sizes=\"auto, (max-width: 300px) 100vw, 300px\" \/><\/a>BAE reyonu, Abu Dabi, Dubai, Fujairah ve Ras Al Khaimah&#8217;daki Ticaret Odalar\u0131 yan\u0131 s\u0131ra, gayrimenkul, ticari, turizm ve yat\u0131r\u0131m dahil \u00e7e\u015fitli alanlarda \u015firketler i\u00e7in tan\u0131t\u0131mlar ve b\u00f6l\u00fcmlerini i\u00e7ermektedir.<\/p>\n<p style=\"text-align: justify;\">Eisergurel Yat\u0131r\u0131m \u015eirketi kat\u0131l\u0131mc\u0131lar\u0131ndan biri olan Faruk Kassasa SANA&#8217;ya yapt\u0131\u011f\u0131 a\u00e7\u0131klamada, BAE \u015firketlerinin, Suriye ve BAE pazar\u0131 aras\u0131nda anla\u015fmalar ve ittifaklar imzalamak, yat\u0131r\u0131m ve ticaret f\u0131rsatlar\u0131 a\u00e7mak amac\u0131yla i\u015fadamlar\u0131 ve kat\u0131l\u0131mc\u0131lardan olu\u015fan bir heyetle kat\u0131ld\u0131klar\u0131n\u0131 belirterek Suriye pazar\u0131n\u0131n incelenmesi \u00e7al\u0131\u015fmalar\u0131n\u0131n devam etti\u011fine dikkat \u00e7ekti.<\/p>\n<p style=\"text-align: justify;\">Kassasa, Uluslararas\u0131 \u015eam Fuar\u0131&#8217;n\u0131n pazarlama, tan\u0131t\u0131mve anla\u015fmalar\u0131n imzalanmas\u0131 y\u00f6n\u00fcnden paltform olarak ekonomik \u00f6nemine dikkat ve b\u00fcy\u00fckl\u00fc\u011f\u00fcne i\u015faret etti.<\/p>\n<p>\u00c7eviri: S. \u015eahhut.<\/p>\n<div id='gallery-1' class='gallery galleryid-189634 gallery-columns-3 gallery-size-full'><figure class='gallery-item'>\n\t\t\t<div class='gallery-icon landscape'>\n\t\t\t\t<a href='https:\/\/archive.sana.sy\/tr\/wp-content\/uploads\/2019\/08\/5-18.jpg'><img loading=\"lazy\" decoding=\"async\" width=\"3543\" height=\"2315\" src=\"https:\/\/archive.sana.sy\/tr\/wp-content\/uploads\/2019\/08\/5-18.jpg\" class=\"attachment-full size-full\" alt=\"\" srcset=\"https:\/\/archive.sana.sy\/tr\/wp-content\/uploads\/2019\/08\/5-18.jpg 3543w, https:\/\/archive.sana.sy\/tr\/wp-content\/uploads\/2019\/08\/5-18-150x98.jpg 150w, https:\/\/archive.sana.sy\/tr\/wp-content\/uploads\/2019\/08\/5-18-300x196.jpg 300w, https:\/\/archive.sana.sy\/tr\/wp-content\/uploads\/2019\/08\/5-18-768x502.jpg 768w, https:\/\/archive.sana.sy\/tr\/wp-content\/uploads\/2019\/08\/5-18-1024x669.jpg 1024w\" sizes=\"auto, (max-width: 3543px) 100vw, 3543px\" \/><\/a>\n\t\t\t<\/div><\/figure><figure class='gallery-item'>\n\t\t\t<div class='gallery-icon landscape'>\n\t\t\t\t<a href='https:\/\/archive.sana.sy\/tr\/wp-content\/uploads\/2019\/08\/6-13.jpg'><img loading=\"lazy\" decoding=\"async\" width=\"3543\" height=\"2244\" src=\"https:\/\/archive.sana.sy\/tr\/wp-content\/uploads\/2019\/08\/6-13.jpg\" class=\"attachment-full size-full\" alt=\"\" srcset=\"https:\/\/archive.sana.sy\/tr\/wp-content\/uploads\/2019\/08\/6-13.jpg 3543w, https:\/\/archive.sana.sy\/tr\/wp-content\/uploads\/2019\/08\/6-13-150x95.jpg 150w, https:\/\/archive.sana.sy\/tr\/wp-content\/uploads\/2019\/08\/6-13-300x190.jpg 300w, https:\/\/archive.sana.sy\/tr\/wp-content\/uploads\/2019\/08\/6-13-768x486.jpg 768w, https:\/\/archive.sana.sy\/tr\/wp-content\/uploads\/2019\/08\/6-13-1024x649.jpg 1024w\" sizes=\"auto, (max-width: 3543px) 100vw, 3543px\" \/><\/a>\n\t\t\t<\/div><\/figure><figure class='gallery-item'>\n\t\t\t<div class='gallery-icon landscape'>\n\t\t\t\t<a href='https:\/\/archive.sana.sy\/tr\/wp-content\/uploads\/2019\/08\/4-17.jpg'><img loading=\"lazy\" decoding=\"async\" width=\"3543\" height=\"2250\" src=\"https:\/\/archive.sana.sy\/tr\/wp-content\/uploads\/2019\/08\/4-17.jpg\" class=\"attachment-full size-full\" alt=\"\" srcset=\"https:\/\/archive.sana.sy\/tr\/wp-content\/uploads\/2019\/08\/4-17.jpg 3543w, https:\/\/archive.sana.sy\/tr\/wp-content\/uploads\/2019\/08\/4-17-150x95.jpg 150w, https:\/\/archive.sana.sy\/tr\/wp-content\/uploads\/2019\/08\/4-17-300x191.jpg 300w, https:\/\/archive.sana.sy\/tr\/wp-content\/uploads\/2019\/08\/4-17-768x488.jpg 768w, https:\/\/archive.sana.sy\/tr\/wp-content\/uploads\/2019\/08\/4-17-1024x650.jpg 1024w\" sizes=\"auto, (max-width: 3543px) 100vw, 3543px\" \/><\/a>\n\t\t\t<\/div><\/figure>\n\t\t<\/div>\n\n","protected":false},"excerpt":{"rendered":"<p>\u015eAM \u2013 61. D\u00f6nem Uluslararas\u0131 \u015eam Fuar\u0131&#8217;nda\u00a0 Birle\u015fik Arap Emirliklerinden 15 firma onuncu reyonda 500 metrekarelik bir alan \u00fczerindekat\u0131l\u0131yor. BAE reyonu, Abu Dabi, Dubai, Fujairah ve Ras Al Khaimah&#8217;daki Ticaret Odalar\u0131 yan\u0131 s\u0131ra, gayrimenkul, ticari, turizm ve yat\u0131r\u0131m dahil \u00e7e\u015fitli alanlarda \u015firketler i\u00e7in tan\u0131t\u0131mlar ve b\u00f6l\u00fcmlerini i\u00e7ermektedir. Eisergurel Yat\u0131r\u0131m \u015eirketi kat\u0131l\u0131mc\u0131lar\u0131ndan biri olan Faruk Kassasa &hellip;<\/p>\n","protected":false},"author":1,"featured_media":189635,"comment_status":"closed","ping_status":"closed","sticky":false,"template":"","format":"standard","meta":{"footnotes":""},"categories":[38173,485,596,486,17988],"tags":[],"class_list":["post-189634","post","type-post","status-publish","format-standard","has-post-thumbnail","","category-61-uluslararasi-sam-fuari","category-is-ve-sermaye","category-fotografli-raporlar","category-haberler-is-ve-sermaye","category-son-haberler"],"_links":{"self":[{"href":"https:\/\/archive.sana.sy\/tr\/index.php?rest_route=\/wp\/v2\/posts\/189634","targetHints":{"allow":["GET"]}}],"collection":[{"href":"https:\/\/archive.sana.sy\/tr\/index.php?rest_route=\/wp\/v2\/posts"}],"about":[{"href":"https:\/\/archive.sana.sy\/tr\/index.php?rest_route=\/wp\/v2\/types\/post"}],"author":[{"embeddable":true,"href":"https:\/\/archive.sana.sy\/tr\/index.php?rest_route=\/wp\/v2\/users\/1"}],"replies":[{"embeddable":true,"href":"https:\/\/archive.sana.sy\/tr\/index.php?rest_route=%2Fwp%2Fv2%2Fcomments&post=189634"}],"version-history":[{"count":0,"href":"https:\/\/archive.sana.sy\/tr\/index.php?rest_route=\/wp\/v2\/posts\/189634\/revisions"}],"wp:featuredmedia":[{"embeddable":true,"href":"https:\/\/archive.sana.sy\/tr\/index.php?rest_route=\/wp\/v2\/media\/189635"}],"wp:attachment":[{"href":"https:\/\/archive.sana.sy\/tr\/index.php?rest_route=%2Fwp%2Fv2%2Fmedia&parent=189634"}],"wp:term":[{"taxonomy":"category","embeddable":true,"href":"https:\/\/archive.sana.sy\/tr\/index.php?rest_route=%2Fwp%2Fv2%2Fcategories&post=189634"},{"taxonomy":"post_tag","embeddable":true,"href":"https:\/\/archive.sana.sy\/tr\/index.php?rest_route=%2Fwp%2Fv2%2Ftags&post=189634"}],"curies":[{"name":"wp","href":"https:\/\/api.w.org\/{rel}","templated":true}]}}