{"id":189687,"date":"2019-08-31T14:45:20","date_gmt":"2019-08-31T11:45:20","guid":{"rendered":"http:\/\/www.sana.sy\/tr\/?p=189687"},"modified":"2019-09-01T13:28:07","modified_gmt":"2019-09-01T10:28:07","slug":"iki-ulke-ticari-ve-ekonomik-iliskilerini-pekistiriyor","status":"publish","type":"post","link":"https:\/\/archive.sana.sy\/tr\/?p=189687","title":{"rendered":"\u0130ki \u00dclke Ticari ve Ekonomik \u0130li\u015fkilerini Peki\u015ftiriyor"},"content":{"rendered":"<p>\u015eAM \u2013 Uluslararas\u0131 \u015eam Fuar\u0131n\u0131n 61. D\u00f6nem faaliyetleri kapsam\u0131nda Suriye ve G\u00fcney Osetya Cumhuriyeti bug\u00fcn iki \u00fclke aras\u0131ndaki ekonomi ve ticari ili\u015fkileri peki\u015ftirmeyi \u00f6ng\u00f6ren bir anla\u015fmaya imza att\u0131.<\/p>\n<p><a href=\"http:\/\/www.sana.sy\/tr\/wp-content\/uploads\/2019\/08\/2-40.jpg\"><img loading=\"lazy\" decoding=\"async\" class=\"alignright wp-image-189736 size-medium\" src=\"http:\/\/www.sana.sy\/tr\/wp-content\/uploads\/2019\/08\/2-40-300x200.jpg\" alt=\"\" width=\"300\" height=\"200\" srcset=\"https:\/\/archive.sana.sy\/tr\/wp-content\/uploads\/2019\/08\/2-40-300x200.jpg 300w, https:\/\/archive.sana.sy\/tr\/wp-content\/uploads\/2019\/08\/2-40-150x100.jpg 150w, https:\/\/archive.sana.sy\/tr\/wp-content\/uploads\/2019\/08\/2-40.jpg 660w\" sizes=\"auto, (max-width: 300px) 100vw, 300px\" \/><\/a>Anla\u015fmay\u0131 imzalayan G\u00fcney Osetya Cumhuriyeti Ba\u015fbakan Yard\u0131mc\u0131s\u0131 Gennady Bekov fuarda bulundu\u011fu g\u00f6zlemler neticesinde \u00fclkesi i\u00e7in ciddi bir \u00f6nem ta\u015f\u0131yan \u00e7ok say\u0131da Suriye \u00fcr\u00fcnleri g\u00f6rd\u00fc\u011f\u00fcne dikkat \u00e7ekti. Bekov anla\u015fman\u0131n iki \u00fclke aras\u0131nda ticari hacmi artt\u0131raca\u011f\u0131n\u0131 ifade ederken; \u00fclkesinin Suriye&#8217;den \u00e7ok say\u0131da ihtiyac\u0131n\u0131 kar\u015f\u0131layabilece\u011fini kaydetti.<\/p>\n<p>Ekonomi ve D\u0131\u015f Ticaret Bakan\u0131 Muhammed Samir Halil ise a\u00e7\u0131klamalar\u0131nda imzalanan anla\u015fma kapsam\u0131nda iki \u00fclke aras\u0131nda ortak ticaret merkezinin kurulaca\u011f\u0131na dikkat \u00e7ekti.<\/p>\n<p>Bakan Halil t\u00fcm ko\u015fullara ra\u011fmen Suriye ile ticari ve ekonomik ili\u015fkileri peki\u015ftirmek isteyen \u00fclke ve yabanc\u0131 \u015firketlerin say\u0131lar\u0131nda ciddi bir art\u0131\u015f kaydedildi\u011fini belirtti.<\/p>\n","protected":false},"excerpt":{"rendered":"<p>\u015eAM \u2013 Uluslararas\u0131 \u015eam Fuar\u0131n\u0131n 61. D\u00f6nem faaliyetleri kapsam\u0131nda Suriye ve G\u00fcney Osetya Cumhuriyeti bug\u00fcn iki \u00fclke aras\u0131ndaki ekonomi ve ticari ili\u015fkileri peki\u015ftirmeyi \u00f6ng\u00f6ren bir anla\u015fmaya imza att\u0131. Anla\u015fmay\u0131 imzalayan G\u00fcney Osetya Cumhuriyeti Ba\u015fbakan Yard\u0131mc\u0131s\u0131 Gennady Bekov fuarda bulundu\u011fu g\u00f6zlemler neticesinde \u00fclkesi i\u00e7in ciddi bir \u00f6nem ta\u015f\u0131yan \u00e7ok say\u0131da Suriye \u00fcr\u00fcnleri g\u00f6rd\u00fc\u011f\u00fcne dikkat \u00e7ekti. Bekov &hellip;<\/p>\n","protected":false},"author":1,"featured_media":189735,"comment_status":"closed","ping_status":"closed","sticky":false,"template":"","format":"standard","meta":{"footnotes":""},"categories":[38173,485,486,17988],"tags":[],"class_list":["post-189687","post","type-post","status-publish","format-standard","has-post-thumbnail","","category-61-uluslararasi-sam-fuari","category-is-ve-sermaye","category-haberler-is-ve-sermaye","category-son-haberler"],"_links":{"self":[{"href":"https:\/\/archive.sana.sy\/tr\/index.php?rest_route=\/wp\/v2\/posts\/189687","targetHints":{"allow":["GET"]}}],"collection":[{"href":"https:\/\/archive.sana.sy\/tr\/index.php?rest_route=\/wp\/v2\/posts"}],"about":[{"href":"https:\/\/archive.sana.sy\/tr\/index.php?rest_route=\/wp\/v2\/types\/post"}],"author":[{"embeddable":true,"href":"https:\/\/archive.sana.sy\/tr\/index.php?rest_route=\/wp\/v2\/users\/1"}],"replies":[{"embeddable":true,"href":"https:\/\/archive.sana.sy\/tr\/index.php?rest_route=%2Fwp%2Fv2%2Fcomments&post=189687"}],"version-history":[{"count":0,"href":"https:\/\/archive.sana.sy\/tr\/index.php?rest_route=\/wp\/v2\/posts\/189687\/revisions"}],"wp:featuredmedia":[{"embeddable":true,"href":"https:\/\/archive.sana.sy\/tr\/index.php?rest_route=\/wp\/v2\/media\/189735"}],"wp:attachment":[{"href":"https:\/\/archive.sana.sy\/tr\/index.php?rest_route=%2Fwp%2Fv2%2Fmedia&parent=189687"}],"wp:term":[{"taxonomy":"category","embeddable":true,"href":"https:\/\/archive.sana.sy\/tr\/index.php?rest_route=%2Fwp%2Fv2%2Fcategories&post=189687"},{"taxonomy":"post_tag","embeddable":true,"href":"https:\/\/archive.sana.sy\/tr\/index.php?rest_route=%2Fwp%2Fv2%2Ftags&post=189687"}],"curies":[{"name":"wp","href":"https:\/\/api.w.org\/{rel}","templated":true}]}}