{"id":189688,"date":"2019-08-31T13:19:43","date_gmt":"2019-08-31T10:19:43","guid":{"rendered":"http:\/\/www.sana.sy\/tr\/?p=189688"},"modified":"2020-09-12T08:57:32","modified_gmt":"2020-09-12T05:57:32","slug":"gerginligi-azaltma-bolgesinde-operasyonlar-durduruldu","status":"publish","type":"post","link":"https:\/\/archive.sana.sy\/tr\/?p=189688","title":{"rendered":"Gerginli\u011fi Azaltma B\u00f6lgesinde Operasyonlar Durduruldu"},"content":{"rendered":"<div>\u015eAM \u2013 Askeri bir kaynak gerginli\u011fi azaltma b\u00f6lgesi \u0130dlib\u2019te bug\u00fcn sabah saatlerinden itibaren \u00e7at\u0131\u015fmalar\u0131n durdurulmas\u0131n\u0131n kabul edildi\u011fini ilan etti.<\/div>\n<div><\/div>\n<div>Askeri kaynak gerginli\u011fi azaltma b\u00f6lgesi \u0130dlib\u2019te 31 A\u011fustos Cumartesi g\u00fcn\u00fc sabah saatlerinden itibaren operasyonlar\u0131n durduruldu\u011funu ilan etti. Kaynak fakat ter\u00f6ristlerin herhangi bir ihlalde bulunmalar\u0131na uygun g\u00f6r\u00fcld\u00fc\u011f\u00fc \u015fekilde kar\u015f\u0131l\u0131k verilece\u011finin alt\u0131n\u0131 \u00e7izdi.<\/div>\n<div><\/div>\n<div>\u0130dlib\u2019te belli ba\u015fl\u0131 d\u0131\u015f g\u00fc\u00e7lere hizmet eden ve bu g\u00fc\u00e7lerin destek ve talimatlar\u0131yla hareket eden ter\u00f6ristler gerginli\u011fi azaltma b\u00f6lgesinin ilan edilmesinden beri s\u00fcrekli olarak\u00a0 askeri noktalar ve sivil yerle\u015fim alanlar\u0131na sald\u0131r\u0131larda bulunarak ihlallerde bulunmaktalar.<\/div>\n<p>&nbsp;<\/p>\n","protected":false},"excerpt":{"rendered":"<p>\u015eAM \u2013 Askeri bir kaynak gerginli\u011fi azaltma b\u00f6lgesi \u0130dlib\u2019te bug\u00fcn sabah saatlerinden itibaren \u00e7at\u0131\u015fmalar\u0131n durdurulmas\u0131n\u0131n kabul edildi\u011fini ilan etti. Askeri kaynak gerginli\u011fi azaltma b\u00f6lgesi \u0130dlib\u2019te 31 A\u011fustos Cumartesi g\u00fcn\u00fc sabah saatlerinden itibaren operasyonlar\u0131n durduruldu\u011funu ilan etti. Kaynak fakat ter\u00f6ristlerin herhangi bir ihlalde bulunmalar\u0131na uygun g\u00f6r\u00fcld\u00fc\u011f\u00fc \u015fekilde kar\u015f\u0131l\u0131k verilece\u011finin alt\u0131n\u0131 \u00e7izdi. \u0130dlib\u2019te belli ba\u015fl\u0131 d\u0131\u015f g\u00fc\u00e7lere &hellip;<\/p>\n","protected":false},"author":1,"featured_media":189696,"comment_status":"closed","ping_status":"closed","sticky":false,"template":"","format":"standard","meta":{"footnotes":""},"categories":[479,575,17988,478],"tags":[],"class_list":["post-189688","post","type-post","status-publish","format-standard","has-post-thumbnail","","category-haberler-yerel","category-olaylar-ve-gercekler","category-son-haberler","category-yerel"],"_links":{"self":[{"href":"https:\/\/archive.sana.sy\/tr\/index.php?rest_route=\/wp\/v2\/posts\/189688","targetHints":{"allow":["GET"]}}],"collection":[{"href":"https:\/\/archive.sana.sy\/tr\/index.php?rest_route=\/wp\/v2\/posts"}],"about":[{"href":"https:\/\/archive.sana.sy\/tr\/index.php?rest_route=\/wp\/v2\/types\/post"}],"author":[{"embeddable":true,"href":"https:\/\/archive.sana.sy\/tr\/index.php?rest_route=\/wp\/v2\/users\/1"}],"replies":[{"embeddable":true,"href":"https:\/\/archive.sana.sy\/tr\/index.php?rest_route=%2Fwp%2Fv2%2Fcomments&post=189688"}],"version-history":[{"count":0,"href":"https:\/\/archive.sana.sy\/tr\/index.php?rest_route=\/wp\/v2\/posts\/189688\/revisions"}],"wp:featuredmedia":[{"embeddable":true,"href":"https:\/\/archive.sana.sy\/tr\/index.php?rest_route=\/wp\/v2\/media\/189696"}],"wp:attachment":[{"href":"https:\/\/archive.sana.sy\/tr\/index.php?rest_route=%2Fwp%2Fv2%2Fmedia&parent=189688"}],"wp:term":[{"taxonomy":"category","embeddable":true,"href":"https:\/\/archive.sana.sy\/tr\/index.php?rest_route=%2Fwp%2Fv2%2Fcategories&post=189688"},{"taxonomy":"post_tag","embeddable":true,"href":"https:\/\/archive.sana.sy\/tr\/index.php?rest_route=%2Fwp%2Fv2%2Ftags&post=189688"}],"curies":[{"name":"wp","href":"https:\/\/api.w.org\/{rel}","templated":true}]}}