{"id":189727,"date":"2019-08-31T12:15:29","date_gmt":"2019-08-31T09:15:29","guid":{"rendered":"http:\/\/www.sana.sy\/tr\/?p=189727"},"modified":"2019-09-01T13:28:48","modified_gmt":"2019-09-01T10:28:48","slug":"yunanistandaki-aquathlon-sampiyonasinda-bronz-madalyayi-kazandi","status":"publish","type":"post","link":"https:\/\/archive.sana.sy\/tr\/?p=189727","title":{"rendered":"Yunanistan\u2019daki Aquatlon \u015eampiyonas\u0131nda G\u00fcm\u00fc\u015f ve Bronz Madalyalar\u0131 Kazand\u0131"},"content":{"rendered":"<p>AT\u0130NA \u00a0\u2013 Yunanistan\u2019\u0131n Patras Kentinde d\u00fczenlenen Akdeniz Sahil Oyunlar\u0131 \u015eampiyonas\u0131nda, Suriyeli aquatlon atleti Muhammed Maso 3. merkezi kazanarak bronz madalyay\u0131 teslim ald\u0131.<\/p>\n<p>Ayn\u0131 yar\u0131\u015fmalar\u0131nda Suriye tak\u0131m\u0131ndaki di\u011fer aquatlon atletimiz Muhammed Sabba\u011f 4. Merkezi kazand\u0131, birinci ve ikinci merkezlerini ise Portekizli ve \u0130spanyal\u0131 atletler kazand\u0131.<\/p>\n<p>Aquathlon \u015eampiyonas\u0131nda 2500 metre ko\u015fma, 1000 metre y\u00fczme ve 2500 di\u011fer bir ko\u015fma yar\u0131\u015fmalar\u0131 yer ald\u0131.<\/p>\n<p>\u00d6te yandan Akdeniz Oyunlar\u0131n\u0131n G\u00fcre\u015f yar\u0131\u015fmalar\u0131nda ise Suriyeli g\u00fcre\u015f\u00e7i Omar Sarem g\u00fcm\u00fc\u015f madalyay\u0131 kazand\u0131.<\/p>\n<p>Suriyeli g\u00fcre\u015f\u00e7i Sarem, \u0130spanyal\u0131, Yunanistanl\u0131 ve Arnavut g\u00fcre\u015f\u00e7iler ile ma\u00e7lar\u0131 kazand\u0131ktan sonra yar\u0131 finalde Frans\u0131z atleti ile ma\u00e7\u0131n\u0131 da kazan\u0131p finalde ise Arnavut Paris Karibi ile ma\u00e7\u0131n\u0131 kaybetti<\/p>\n<p>\u00c7eviri: P.M.<\/p>\n<div id='gallery-1' class='gallery galleryid-189727 gallery-columns-2 gallery-size-full'><figure class='gallery-item'>\n\t\t\t<div class='gallery-icon portrait'>\n\t\t\t\t<a href='https:\/\/archive.sana.sy\/tr\/wp-content\/uploads\/2019\/08\/11-201.jpg'><img loading=\"lazy\" decoding=\"async\" width=\"500\" height=\"689\" src=\"https:\/\/archive.sana.sy\/tr\/wp-content\/uploads\/2019\/08\/11-201.jpg\" class=\"attachment-full size-full\" alt=\"\" srcset=\"https:\/\/archive.sana.sy\/tr\/wp-content\/uploads\/2019\/08\/11-201.jpg 500w, https:\/\/archive.sana.sy\/tr\/wp-content\/uploads\/2019\/08\/11-201-109x150.jpg 109w, https:\/\/archive.sana.sy\/tr\/wp-content\/uploads\/2019\/08\/11-201-218x300.jpg 218w\" sizes=\"auto, (max-width: 500px) 100vw, 500px\" \/><\/a>\n\t\t\t<\/div><\/figure><figure class='gallery-item'>\n\t\t\t<div class='gallery-icon portrait'>\n\t\t\t\t<a href='https:\/\/archive.sana.sy\/tr\/wp-content\/uploads\/2019\/08\/111-28.jpg'><img loading=\"lazy\" decoding=\"async\" width=\"500\" height=\"689\" src=\"https:\/\/archive.sana.sy\/tr\/wp-content\/uploads\/2019\/08\/111-28.jpg\" class=\"attachment-full size-full\" alt=\"\" srcset=\"https:\/\/archive.sana.sy\/tr\/wp-content\/uploads\/2019\/08\/111-28.jpg 500w, https:\/\/archive.sana.sy\/tr\/wp-content\/uploads\/2019\/08\/111-28-109x150.jpg 109w, https:\/\/archive.sana.sy\/tr\/wp-content\/uploads\/2019\/08\/111-28-218x300.jpg 218w\" sizes=\"auto, (max-width: 500px) 100vw, 500px\" \/><\/a>\n\t\t\t<\/div><\/figure><figure class='gallery-item'>\n\t\t\t<div class='gallery-icon landscape'>\n\t\t\t\t<a href='https:\/\/archive.sana.sy\/tr\/wp-content\/uploads\/2019\/08\/photo_2019-08-31_16-22-21.jpg'><img loading=\"lazy\" decoding=\"async\" width=\"3543\" height=\"2176\" src=\"https:\/\/archive.sana.sy\/tr\/wp-content\/uploads\/2019\/08\/photo_2019-08-31_16-22-21.jpg\" class=\"attachment-full size-full\" alt=\"\" srcset=\"https:\/\/archive.sana.sy\/tr\/wp-content\/uploads\/2019\/08\/photo_2019-08-31_16-22-21.jpg 3543w, https:\/\/archive.sana.sy\/tr\/wp-content\/uploads\/2019\/08\/photo_2019-08-31_16-22-21-150x92.jpg 150w, https:\/\/archive.sana.sy\/tr\/wp-content\/uploads\/2019\/08\/photo_2019-08-31_16-22-21-300x184.jpg 300w, https:\/\/archive.sana.sy\/tr\/wp-content\/uploads\/2019\/08\/photo_2019-08-31_16-22-21-768x472.jpg 768w, https:\/\/archive.sana.sy\/tr\/wp-content\/uploads\/2019\/08\/photo_2019-08-31_16-22-21-1024x629.jpg 1024w\" sizes=\"auto, (max-width: 3543px) 100vw, 3543px\" \/><\/a>\n\t\t\t<\/div><\/figure><figure class='gallery-item'>\n\t\t\t<div class='gallery-icon landscape'>\n\t\t\t\t<a href='https:\/\/archive.sana.sy\/tr\/wp-content\/uploads\/2019\/08\/\u0639\u0645\u0631-\u0635\u0627\u0631\u0645.jpg'><img loading=\"lazy\" decoding=\"async\" width=\"3543\" height=\"2476\" src=\"https:\/\/archive.sana.sy\/tr\/wp-content\/uploads\/2019\/08\/\u0639\u0645\u0631-\u0635\u0627\u0631\u0645.jpg\" class=\"attachment-full size-full\" alt=\"\" srcset=\"https:\/\/archive.sana.sy\/tr\/wp-content\/uploads\/2019\/08\/\u0639\u0645\u0631-\u0635\u0627\u0631\u0645.jpg 3543w, https:\/\/archive.sana.sy\/tr\/wp-content\/uploads\/2019\/08\/\u0639\u0645\u0631-\u0635\u0627\u0631\u0645-150x105.jpg 150w, https:\/\/archive.sana.sy\/tr\/wp-content\/uploads\/2019\/08\/\u0639\u0645\u0631-\u0635\u0627\u0631\u0645-300x210.jpg 300w, https:\/\/archive.sana.sy\/tr\/wp-content\/uploads\/2019\/08\/\u0639\u0645\u0631-\u0635\u0627\u0631\u0645-768x537.jpg 768w, https:\/\/archive.sana.sy\/tr\/wp-content\/uploads\/2019\/08\/\u0639\u0645\u0631-\u0635\u0627\u0631\u0645-1024x716.jpg 1024w\" sizes=\"auto, (max-width: 3543px) 100vw, 3543px\" \/><\/a>\n\t\t\t<\/div><\/figure>\n\t\t<\/div>\n\n<p>&nbsp;<\/p>\n","protected":false},"excerpt":{"rendered":"<p>AT\u0130NA \u00a0\u2013 Yunanistan\u2019\u0131n Patras Kentinde d\u00fczenlenen Akdeniz Sahil Oyunlar\u0131 \u015eampiyonas\u0131nda, Suriyeli aquatlon atleti Muhammed Maso 3. merkezi kazanarak bronz madalyay\u0131 teslim ald\u0131. Ayn\u0131 yar\u0131\u015fmalar\u0131nda Suriye tak\u0131m\u0131ndaki di\u011fer aquatlon atletimiz Muhammed Sabba\u011f 4. Merkezi kazand\u0131, birinci ve ikinci merkezlerini ise Portekizli ve \u0130spanyal\u0131 atletler kazand\u0131. Aquathlon \u015eampiyonas\u0131nda 2500 metre ko\u015fma, 1000 metre y\u00fczme ve 2500 di\u011fer &hellip;<\/p>\n","protected":false},"author":1,"featured_media":189771,"comment_status":"closed","ping_status":"closed","sticky":false,"template":"","format":"standard","meta":{"footnotes":""},"categories":[498,596,17988,496],"tags":[],"class_list":["post-189727","post","type-post","status-publish","format-standard","has-post-thumbnail","","category-dunya-turnuvalari","category-fotografli-raporlar","category-son-haberler","category-spor"],"_links":{"self":[{"href":"https:\/\/archive.sana.sy\/tr\/index.php?rest_route=\/wp\/v2\/posts\/189727","targetHints":{"allow":["GET"]}}],"collection":[{"href":"https:\/\/archive.sana.sy\/tr\/index.php?rest_route=\/wp\/v2\/posts"}],"about":[{"href":"https:\/\/archive.sana.sy\/tr\/index.php?rest_route=\/wp\/v2\/types\/post"}],"author":[{"embeddable":true,"href":"https:\/\/archive.sana.sy\/tr\/index.php?rest_route=\/wp\/v2\/users\/1"}],"replies":[{"embeddable":true,"href":"https:\/\/archive.sana.sy\/tr\/index.php?rest_route=%2Fwp%2Fv2%2Fcomments&post=189727"}],"version-history":[{"count":0,"href":"https:\/\/archive.sana.sy\/tr\/index.php?rest_route=\/wp\/v2\/posts\/189727\/revisions"}],"wp:featuredmedia":[{"embeddable":true,"href":"https:\/\/archive.sana.sy\/tr\/index.php?rest_route=\/wp\/v2\/media\/189771"}],"wp:attachment":[{"href":"https:\/\/archive.sana.sy\/tr\/index.php?rest_route=%2Fwp%2Fv2%2Fmedia&parent=189727"}],"wp:term":[{"taxonomy":"category","embeddable":true,"href":"https:\/\/archive.sana.sy\/tr\/index.php?rest_route=%2Fwp%2Fv2%2Fcategories&post=189727"},{"taxonomy":"post_tag","embeddable":true,"href":"https:\/\/archive.sana.sy\/tr\/index.php?rest_route=%2Fwp%2Fv2%2Ftags&post=189727"}],"curies":[{"name":"wp","href":"https:\/\/api.w.org\/{rel}","templated":true}]}}