{"id":189742,"date":"2019-08-31T12:15:32","date_gmt":"2019-08-31T09:15:32","guid":{"rendered":"http:\/\/www.sana.sy\/tr\/?p=189742"},"modified":"2019-09-01T13:28:44","modified_gmt":"2019-09-01T10:28:44","slug":"kurtarilan-bolgelerde-hizmet-altyapi-onarim-calismalari-surduruluyor","status":"publish","type":"post","link":"https:\/\/archive.sana.sy\/tr\/?p=189742","title":{"rendered":"Kurtar\u0131lan B\u00f6lgelerde Hizmet Altyap\u0131lar\u0131n Onar\u0131m \u00c7al\u0131\u015fmalar\u0131 S\u00fcrd\u00fcr\u00fcl\u00fcyor"},"content":{"rendered":"<p>KUNAYTRA \u2013 Kunaytra \u0130l Elektrik \u015eirketi ter\u00f6rden kurtar\u0131lan b\u00f6lgelerde elektrik \u015febekesini yeniden sa\u011flama \u00e7abalar\u0131 \u00e7er\u00e7evesinde, il k\u0131rsal\u0131n\u0131n ortas\u0131nda yer alan Mumtanne K\u00f6y\u00fcnde onar\u0131m \u00e7al\u0131\u015fmalardan sonra elektrik hizmeti yeniden sa\u011fland\u0131.<\/p>\n<p>Kunaytra \u0130l Elektrik M\u00fcd\u00fcr\u00fc Bessam Masri SANA muhabirine yapt\u0131\u011f\u0131 a\u00e7\u0131klamada; Elektrik ekiplerin orta ve al\u00e7ak gerilim \u015febekelerinin onar\u0131m\u0131 tamamlad\u0131klar\u0131n\u0131 belirtti.<\/p>\n<p>Masri; elektrik \u015febekesinin daha \u00f6nce ter\u00f6rist gruplar taraf\u0131ndan tahrip edildi\u011fine dikkat \u00e7ekerek, Elektrik ekiplerin \u015fu anda \u0130l k\u0131rsal\u0131n\u0131n ortas\u0131ndaki bir \u00e7ok belde ve k\u00f6ylerinde elektrik hizmetini yeniden sa\u011flamak i\u00e7in \u015febeke ve trafolar\u0131 onar\u0131m \u00e7al\u0131\u015fmalar\u0131n\u0131 tamamlamak \u00fczere olduklar\u0131n\u0131 belirtti.<\/p>\n<p>\u00c7eviri: P.M.<\/p>\n<div id='gallery-1' class='gallery galleryid-189742 gallery-columns-1 gallery-size-full'><figure class='gallery-item'>\n\t\t\t<div class='gallery-icon portrait'>\n\t\t\t\t<a href='https:\/\/archive.sana.sy\/tr\/wp-content\/uploads\/2019\/08\/15-1-1-1.jpg'><img loading=\"lazy\" decoding=\"async\" width=\"660\" height=\"973\" src=\"https:\/\/archive.sana.sy\/tr\/wp-content\/uploads\/2019\/08\/15-1-1-1.jpg\" class=\"attachment-full size-full\" alt=\"\" srcset=\"https:\/\/archive.sana.sy\/tr\/wp-content\/uploads\/2019\/08\/15-1-1-1.jpg 660w, https:\/\/archive.sana.sy\/tr\/wp-content\/uploads\/2019\/08\/15-1-1-1-102x150.jpg 102w, https:\/\/archive.sana.sy\/tr\/wp-content\/uploads\/2019\/08\/15-1-1-1-203x300.jpg 203w\" sizes=\"auto, (max-width: 660px) 100vw, 660px\" \/><\/a>\n\t\t\t<\/div><\/figure>\n\t\t<\/div>\n\n","protected":false},"excerpt":{"rendered":"<p>KUNAYTRA \u2013 Kunaytra \u0130l Elektrik \u015eirketi ter\u00f6rden kurtar\u0131lan b\u00f6lgelerde elektrik \u015febekesini yeniden sa\u011flama \u00e7abalar\u0131 \u00e7er\u00e7evesinde, il k\u0131rsal\u0131n\u0131n ortas\u0131nda yer alan Mumtanne K\u00f6y\u00fcnde onar\u0131m \u00e7al\u0131\u015fmalardan sonra elektrik hizmeti yeniden sa\u011fland\u0131. Kunaytra \u0130l Elektrik M\u00fcd\u00fcr\u00fc Bessam Masri SANA muhabirine yapt\u0131\u011f\u0131 a\u00e7\u0131klamada; Elektrik ekiplerin orta ve al\u00e7ak gerilim \u015febekelerinin onar\u0131m\u0131 tamamlad\u0131klar\u0131n\u0131 belirtti. Masri; elektrik \u015febekesinin daha \u00f6nce ter\u00f6rist &hellip;<\/p>\n","protected":false},"author":1,"featured_media":189743,"comment_status":"closed","ping_status":"closed","sticky":false,"template":"","format":"standard","meta":{"footnotes":""},"categories":[479,17988,478],"tags":[],"class_list":["post-189742","post","type-post","status-publish","format-standard","has-post-thumbnail","","category-haberler-yerel","category-son-haberler","category-yerel"],"_links":{"self":[{"href":"https:\/\/archive.sana.sy\/tr\/index.php?rest_route=\/wp\/v2\/posts\/189742","targetHints":{"allow":["GET"]}}],"collection":[{"href":"https:\/\/archive.sana.sy\/tr\/index.php?rest_route=\/wp\/v2\/posts"}],"about":[{"href":"https:\/\/archive.sana.sy\/tr\/index.php?rest_route=\/wp\/v2\/types\/post"}],"author":[{"embeddable":true,"href":"https:\/\/archive.sana.sy\/tr\/index.php?rest_route=\/wp\/v2\/users\/1"}],"replies":[{"embeddable":true,"href":"https:\/\/archive.sana.sy\/tr\/index.php?rest_route=%2Fwp%2Fv2%2Fcomments&post=189742"}],"version-history":[{"count":0,"href":"https:\/\/archive.sana.sy\/tr\/index.php?rest_route=\/wp\/v2\/posts\/189742\/revisions"}],"wp:featuredmedia":[{"embeddable":true,"href":"https:\/\/archive.sana.sy\/tr\/index.php?rest_route=\/wp\/v2\/media\/189743"}],"wp:attachment":[{"href":"https:\/\/archive.sana.sy\/tr\/index.php?rest_route=%2Fwp%2Fv2%2Fmedia&parent=189742"}],"wp:term":[{"taxonomy":"category","embeddable":true,"href":"https:\/\/archive.sana.sy\/tr\/index.php?rest_route=%2Fwp%2Fv2%2Fcategories&post=189742"},{"taxonomy":"post_tag","embeddable":true,"href":"https:\/\/archive.sana.sy\/tr\/index.php?rest_route=%2Fwp%2Fv2%2Ftags&post=189742"}],"curies":[{"name":"wp","href":"https:\/\/api.w.org\/{rel}","templated":true}]}}