{"id":189748,"date":"2019-08-31T12:20:06","date_gmt":"2019-08-31T09:20:06","guid":{"rendered":"http:\/\/www.sana.sy\/tr\/?p=189748"},"modified":"2019-09-01T13:28:38","modified_gmt":"2019-09-01T10:28:38","slug":"homs-kirsalinda-buyuk-miktarda-uyusturucu-maddeleri-kacakciligi-cokertildi","status":"publish","type":"post","link":"https:\/\/archive.sana.sy\/tr\/?p=189748","title":{"rendered":"Homs K\u0131rsal\u0131nda Uyu\u015fturucu Ka\u00e7ak\u00e7\u0131l\u0131\u011f\u0131 \u00c7\u00f6kertildi"},"content":{"rendered":"<p>HOMS \u2013 G\u00fcvenlik birimlerimizin uyu\u015fturucu ticaretine kar\u015f\u0131 s\u00fcrd\u00fcr\u00fclen operasyonlar\u0131 \u00e7er\u00e7evesinde Homs k\u0131rsal\u0131nda b\u00fcy\u00fck miktarda captagon uyu\u015fturucu haplar\u0131 ele ge\u00e7irildi.<\/p>\n<p>SANA\u2019n\u0131n Homs muhabiri; g\u00fcvenlik birimlerimizin Homs k\u0131rsal\u0131nda yurtd\u0131\u015f\u0131na ka\u00e7\u0131rmak \u00fczere b\u00fcy\u00fck miktarl\u0131 captagon uyu\u015fturucu maddesi ta\u015f\u0131yan bir arac\u0131 ele ge\u00e7irdiklerini belirtti.<\/p>\n<p>Muhabir; arac\u0131 kullanan ki\u015finin tutukland\u0131\u011f\u0131n\u0131 ve yetkili yarg\u0131ya iletilece\u011fini aktard\u0131.<\/p>\n<p>\u00c7eviri: P.M.<\/p>\n<div id='gallery-1' class='gallery galleryid-189748 gallery-columns-3 gallery-size-full'><figure class='gallery-item'>\n\t\t\t<div class='gallery-icon landscape'>\n\t\t\t\t<a href='https:\/\/archive.sana.sy\/tr\/wp-content\/uploads\/2019\/08\/2-427.jpg'><img loading=\"lazy\" decoding=\"async\" width=\"660\" height=\"383\" src=\"https:\/\/archive.sana.sy\/tr\/wp-content\/uploads\/2019\/08\/2-427.jpg\" class=\"attachment-full size-full\" alt=\"\" srcset=\"https:\/\/archive.sana.sy\/tr\/wp-content\/uploads\/2019\/08\/2-427.jpg 660w, https:\/\/archive.sana.sy\/tr\/wp-content\/uploads\/2019\/08\/2-427-150x87.jpg 150w, https:\/\/archive.sana.sy\/tr\/wp-content\/uploads\/2019\/08\/2-427-300x174.jpg 300w\" sizes=\"auto, (max-width: 660px) 100vw, 660px\" \/><\/a>\n\t\t\t<\/div><\/figure><figure class='gallery-item'>\n\t\t\t<div class='gallery-icon landscape'>\n\t\t\t\t<a href='https:\/\/archive.sana.sy\/tr\/wp-content\/uploads\/2019\/08\/3-330.jpg'><img loading=\"lazy\" decoding=\"async\" width=\"660\" height=\"410\" src=\"https:\/\/archive.sana.sy\/tr\/wp-content\/uploads\/2019\/08\/3-330.jpg\" class=\"attachment-full size-full\" alt=\"\" srcset=\"https:\/\/archive.sana.sy\/tr\/wp-content\/uploads\/2019\/08\/3-330.jpg 660w, https:\/\/archive.sana.sy\/tr\/wp-content\/uploads\/2019\/08\/3-330-150x93.jpg 150w, https:\/\/archive.sana.sy\/tr\/wp-content\/uploads\/2019\/08\/3-330-300x186.jpg 300w\" sizes=\"auto, (max-width: 660px) 100vw, 660px\" \/><\/a>\n\t\t\t<\/div><\/figure><figure class='gallery-item'>\n\t\t\t<div class='gallery-icon landscape'>\n\t\t\t\t<a href='https:\/\/archive.sana.sy\/tr\/wp-content\/uploads\/2019\/08\/4-312.jpg'><img loading=\"lazy\" decoding=\"async\" width=\"660\" height=\"439\" src=\"https:\/\/archive.sana.sy\/tr\/wp-content\/uploads\/2019\/08\/4-312.jpg\" class=\"attachment-full size-full\" alt=\"\" srcset=\"https:\/\/archive.sana.sy\/tr\/wp-content\/uploads\/2019\/08\/4-312.jpg 660w, https:\/\/archive.sana.sy\/tr\/wp-content\/uploads\/2019\/08\/4-312-150x100.jpg 150w, https:\/\/archive.sana.sy\/tr\/wp-content\/uploads\/2019\/08\/4-312-300x200.jpg 300w, https:\/\/archive.sana.sy\/tr\/wp-content\/uploads\/2019\/08\/4-312-310x205.jpg 310w\" sizes=\"auto, (max-width: 660px) 100vw, 660px\" \/><\/a>\n\t\t\t<\/div><\/figure><figure class='gallery-item'>\n\t\t\t<div class='gallery-icon landscape'>\n\t\t\t\t<a href='https:\/\/archive.sana.sy\/tr\/wp-content\/uploads\/2019\/08\/5-275.jpg'><img loading=\"lazy\" decoding=\"async\" width=\"660\" height=\"393\" src=\"https:\/\/archive.sana.sy\/tr\/wp-content\/uploads\/2019\/08\/5-275.jpg\" class=\"attachment-full size-full\" alt=\"\" srcset=\"https:\/\/archive.sana.sy\/tr\/wp-content\/uploads\/2019\/08\/5-275.jpg 660w, https:\/\/archive.sana.sy\/tr\/wp-content\/uploads\/2019\/08\/5-275-150x89.jpg 150w, https:\/\/archive.sana.sy\/tr\/wp-content\/uploads\/2019\/08\/5-275-300x179.jpg 300w\" sizes=\"auto, (max-width: 660px) 100vw, 660px\" \/><\/a>\n\t\t\t<\/div><\/figure><figure class='gallery-item'>\n\t\t\t<div class='gallery-icon landscape'>\n\t\t\t\t<a href='https:\/\/archive.sana.sy\/tr\/wp-content\/uploads\/2019\/08\/6-227.jpg'><img loading=\"lazy\" decoding=\"async\" width=\"660\" height=\"439\" src=\"https:\/\/archive.sana.sy\/tr\/wp-content\/uploads\/2019\/08\/6-227.jpg\" class=\"attachment-full size-full\" alt=\"\" srcset=\"https:\/\/archive.sana.sy\/tr\/wp-content\/uploads\/2019\/08\/6-227.jpg 660w, https:\/\/archive.sana.sy\/tr\/wp-content\/uploads\/2019\/08\/6-227-150x100.jpg 150w, https:\/\/archive.sana.sy\/tr\/wp-content\/uploads\/2019\/08\/6-227-300x200.jpg 300w, https:\/\/archive.sana.sy\/tr\/wp-content\/uploads\/2019\/08\/6-227-310x205.jpg 310w\" sizes=\"auto, (max-width: 660px) 100vw, 660px\" \/><\/a>\n\t\t\t<\/div><\/figure><figure class='gallery-item'>\n\t\t\t<div class='gallery-icon landscape'>\n\t\t\t\t<a href='https:\/\/archive.sana.sy\/tr\/wp-content\/uploads\/2019\/08\/7-195.jpg'><img loading=\"lazy\" decoding=\"async\" width=\"660\" height=\"439\" src=\"https:\/\/archive.sana.sy\/tr\/wp-content\/uploads\/2019\/08\/7-195.jpg\" class=\"attachment-full size-full\" alt=\"\" srcset=\"https:\/\/archive.sana.sy\/tr\/wp-content\/uploads\/2019\/08\/7-195.jpg 660w, https:\/\/archive.sana.sy\/tr\/wp-content\/uploads\/2019\/08\/7-195-150x100.jpg 150w, https:\/\/archive.sana.sy\/tr\/wp-content\/uploads\/2019\/08\/7-195-300x200.jpg 300w, https:\/\/archive.sana.sy\/tr\/wp-content\/uploads\/2019\/08\/7-195-310x205.jpg 310w\" sizes=\"auto, (max-width: 660px) 100vw, 660px\" \/><\/a>\n\t\t\t<\/div><\/figure>\n\t\t<\/div>\n\n","protected":false},"excerpt":{"rendered":"<p>HOMS \u2013 G\u00fcvenlik birimlerimizin uyu\u015fturucu ticaretine kar\u015f\u0131 s\u00fcrd\u00fcr\u00fclen operasyonlar\u0131 \u00e7er\u00e7evesinde Homs k\u0131rsal\u0131nda b\u00fcy\u00fck miktarda captagon uyu\u015fturucu haplar\u0131 ele ge\u00e7irildi. SANA\u2019n\u0131n Homs muhabiri; g\u00fcvenlik birimlerimizin Homs k\u0131rsal\u0131nda yurtd\u0131\u015f\u0131na ka\u00e7\u0131rmak \u00fczere b\u00fcy\u00fck miktarl\u0131 captagon uyu\u015fturucu maddesi ta\u015f\u0131yan bir arac\u0131 ele ge\u00e7irdiklerini belirtti. Muhabir; arac\u0131 kullanan ki\u015finin tutukland\u0131\u011f\u0131n\u0131 ve yetkili yarg\u0131ya iletilece\u011fini aktard\u0131. \u00c7eviri: P.M.<\/p>\n","protected":false},"author":1,"featured_media":189749,"comment_status":"closed","ping_status":"closed","sticky":false,"template":"","format":"standard","meta":{"footnotes":""},"categories":[596,479,17988,478],"tags":[],"class_list":["post-189748","post","type-post","status-publish","format-standard","has-post-thumbnail","","category-fotografli-raporlar","category-haberler-yerel","category-son-haberler","category-yerel"],"_links":{"self":[{"href":"https:\/\/archive.sana.sy\/tr\/index.php?rest_route=\/wp\/v2\/posts\/189748","targetHints":{"allow":["GET"]}}],"collection":[{"href":"https:\/\/archive.sana.sy\/tr\/index.php?rest_route=\/wp\/v2\/posts"}],"about":[{"href":"https:\/\/archive.sana.sy\/tr\/index.php?rest_route=\/wp\/v2\/types\/post"}],"author":[{"embeddable":true,"href":"https:\/\/archive.sana.sy\/tr\/index.php?rest_route=\/wp\/v2\/users\/1"}],"replies":[{"embeddable":true,"href":"https:\/\/archive.sana.sy\/tr\/index.php?rest_route=%2Fwp%2Fv2%2Fcomments&post=189748"}],"version-history":[{"count":0,"href":"https:\/\/archive.sana.sy\/tr\/index.php?rest_route=\/wp\/v2\/posts\/189748\/revisions"}],"wp:featuredmedia":[{"embeddable":true,"href":"https:\/\/archive.sana.sy\/tr\/index.php?rest_route=\/wp\/v2\/media\/189749"}],"wp:attachment":[{"href":"https:\/\/archive.sana.sy\/tr\/index.php?rest_route=%2Fwp%2Fv2%2Fmedia&parent=189748"}],"wp:term":[{"taxonomy":"category","embeddable":true,"href":"https:\/\/archive.sana.sy\/tr\/index.php?rest_route=%2Fwp%2Fv2%2Fcategories&post=189748"},{"taxonomy":"post_tag","embeddable":true,"href":"https:\/\/archive.sana.sy\/tr\/index.php?rest_route=%2Fwp%2Fv2%2Ftags&post=189748"}],"curies":[{"name":"wp","href":"https:\/\/api.w.org\/{rel}","templated":true}]}}