{"id":189981,"date":"2019-09-03T13:00:02","date_gmt":"2019-09-03T10:00:02","guid":{"rendered":"http:\/\/www.sana.sy\/tr\/?p=189981"},"modified":"2019-09-04T13:59:42","modified_gmt":"2019-09-04T10:59:42","slug":"hazirlik-kampi-cercevesinde-lubnan-ile-macini-kazandi","status":"publish","type":"post","link":"https:\/\/archive.sana.sy\/tr\/?p=189981","title":{"rendered":"Haz\u0131rl\u0131k Kamp\u0131 \u00c7er\u00e7evesinde L\u00fcbnan \u0130le Ma\u00e7\u0131n\u0131 Kazand\u0131"},"content":{"rendered":"<p>BEYRUT \u2013 Suriye gen\u00e7ler i\u00e7in futbol tak\u0131m\u0131 L\u00fcbnan Ba\u015fkenti Beyrut\u2019ta yap\u0131lan L\u00fcbnan gen\u00e7ler futbol tak\u0131m\u0131 ile dostluk ma\u00e7\u0131n\u0131 3-0 skorla kazand\u0131.<\/p>\n<p>Asya \u015eampiyonas\u0131n\u0131n Finallerine haz\u0131rl\u0131k \u00e7er\u00e7evesinde L\u00fcbnan\u2019da haz\u0131rl\u0131k kamp\u0131n\u0131 s\u00fcrd\u00fcr\u00fclen Suriye Gen\u00e7ler Futbol Tak\u0131m\u0131 gelecek Per\u015fembe g\u00fcn\u00fc etkinlikleri bitirip Finallerine gitmeden \u00c7ar\u015famba g\u00fcn\u00fcnde Beyrut\u2019ta son dostluk ma\u00e7\u0131n\u0131 oynayacak.<\/p>\n<p>Asya Finalleri eyl\u00fcl ay\u0131n 18\u2019de ba\u015flamas\u0131yla, Suriye gen\u00e7ler futbol tak\u0131m\u0131n\u0131n Asya Finallerine gitmeden son haz\u0131rl\u0131k kamp\u0131 oluyor. Aysa Finallerinde ise Suriye tak\u0131m\u0131 4.u grubunda yer al\u0131rken Uman, Pakistan ve Suudi Arabistan tak\u0131mlar\u0131 ile rekabette bulunacak. Ma\u00e7lar, Asya Finallerinin 4. Grubunun ma\u00e7lar\u0131na ev sahipli\u011fi yapacak Suudi Arabistan\u2019\u0131n el Demmam Kentinde yer alacak.<\/p>\n<p>\u00c7eviri: P.M.<\/p>\n<div id='gallery-1' class='gallery galleryid-189981 gallery-columns-1 gallery-size-full'><figure class='gallery-item'>\n\t\t\t<div class='gallery-icon landscape'>\n\t\t\t\t<a href='https:\/\/archive.sana.sy\/tr\/wp-content\/uploads\/2019\/09\/8-12.jpg'><img loading=\"lazy\" decoding=\"async\" width=\"660\" height=\"439\" src=\"https:\/\/archive.sana.sy\/tr\/wp-content\/uploads\/2019\/09\/8-12.jpg\" class=\"attachment-full size-full\" alt=\"\" srcset=\"https:\/\/archive.sana.sy\/tr\/wp-content\/uploads\/2019\/09\/8-12.jpg 660w, https:\/\/archive.sana.sy\/tr\/wp-content\/uploads\/2019\/09\/8-12-150x100.jpg 150w, https:\/\/archive.sana.sy\/tr\/wp-content\/uploads\/2019\/09\/8-12-300x200.jpg 300w, https:\/\/archive.sana.sy\/tr\/wp-content\/uploads\/2019\/09\/8-12-310x205.jpg 310w\" sizes=\"auto, (max-width: 660px) 100vw, 660px\" \/><\/a>\n\t\t\t<\/div><\/figure>\n\t\t<\/div>\n\n","protected":false},"excerpt":{"rendered":"<p>BEYRUT \u2013 Suriye gen\u00e7ler i\u00e7in futbol tak\u0131m\u0131 L\u00fcbnan Ba\u015fkenti Beyrut\u2019ta yap\u0131lan L\u00fcbnan gen\u00e7ler futbol tak\u0131m\u0131 ile dostluk ma\u00e7\u0131n\u0131 3-0 skorla kazand\u0131. Asya \u015eampiyonas\u0131n\u0131n Finallerine haz\u0131rl\u0131k \u00e7er\u00e7evesinde L\u00fcbnan\u2019da haz\u0131rl\u0131k kamp\u0131n\u0131 s\u00fcrd\u00fcr\u00fclen Suriye Gen\u00e7ler Futbol Tak\u0131m\u0131 gelecek Per\u015fembe g\u00fcn\u00fc etkinlikleri bitirip Finallerine gitmeden \u00c7ar\u015famba g\u00fcn\u00fcnde Beyrut\u2019ta son dostluk ma\u00e7\u0131n\u0131 oynayacak. Asya Finalleri eyl\u00fcl ay\u0131n 18\u2019de ba\u015flamas\u0131yla, Suriye &hellip;<\/p>\n","protected":false},"author":1,"featured_media":189983,"comment_status":"closed","ping_status":"closed","sticky":false,"template":"","format":"standard","meta":{"footnotes":""},"categories":[498,17988,496],"tags":[],"class_list":["post-189981","post","type-post","status-publish","format-standard","has-post-thumbnail","","category-dunya-turnuvalari","category-son-haberler","category-spor"],"_links":{"self":[{"href":"https:\/\/archive.sana.sy\/tr\/index.php?rest_route=\/wp\/v2\/posts\/189981","targetHints":{"allow":["GET"]}}],"collection":[{"href":"https:\/\/archive.sana.sy\/tr\/index.php?rest_route=\/wp\/v2\/posts"}],"about":[{"href":"https:\/\/archive.sana.sy\/tr\/index.php?rest_route=\/wp\/v2\/types\/post"}],"author":[{"embeddable":true,"href":"https:\/\/archive.sana.sy\/tr\/index.php?rest_route=\/wp\/v2\/users\/1"}],"replies":[{"embeddable":true,"href":"https:\/\/archive.sana.sy\/tr\/index.php?rest_route=%2Fwp%2Fv2%2Fcomments&post=189981"}],"version-history":[{"count":0,"href":"https:\/\/archive.sana.sy\/tr\/index.php?rest_route=\/wp\/v2\/posts\/189981\/revisions"}],"wp:featuredmedia":[{"embeddable":true,"href":"https:\/\/archive.sana.sy\/tr\/index.php?rest_route=\/wp\/v2\/media\/189983"}],"wp:attachment":[{"href":"https:\/\/archive.sana.sy\/tr\/index.php?rest_route=%2Fwp%2Fv2%2Fmedia&parent=189981"}],"wp:term":[{"taxonomy":"category","embeddable":true,"href":"https:\/\/archive.sana.sy\/tr\/index.php?rest_route=%2Fwp%2Fv2%2Fcategories&post=189981"},{"taxonomy":"post_tag","embeddable":true,"href":"https:\/\/archive.sana.sy\/tr\/index.php?rest_route=%2Fwp%2Fv2%2Ftags&post=189981"}],"curies":[{"name":"wp","href":"https:\/\/api.w.org\/{rel}","templated":true}]}}