{"id":189988,"date":"2019-09-03T14:56:45","date_gmt":"2019-09-03T11:56:45","guid":{"rendered":"http:\/\/www.sana.sy\/tr\/?p=189988"},"modified":"2019-09-04T13:59:45","modified_gmt":"2019-09-04T10:59:45","slug":"derada-kitaplarin-saglamasi-hukumetin-cabalariyla-devam-ediliyor","status":"publish","type":"post","link":"https:\/\/archive.sana.sy\/tr\/?p=189988","title":{"rendered":"Dera&#8217;da E\u011fitim Kitaplar\u0131n\u0131n Sa\u011flamas\u0131 H\u00fck\u00fcmetin \u00c7abalar\u0131yla Devam Ediliyor"},"content":{"rendered":"<p>DERA \u2013 Dera Kitaplar ve Yay\u0131nlar B\u00f6l\u00fcm\u00fc \u0130l E\u011fitim M\u00fcd\u00fcrl\u00fc\u011f\u00fc taraf\u0131ndan e\u011fitim &#8211; \u00f6\u011fretim y\u0131l\u0131n\u0131n kitaplar\u0131 \u00f6\u011frencilere sa\u011flamak \u00fczere teslim almaya devam ediyor.<\/p>\n<p>&nbsp;<\/p>\n<p><a href=\"http:\/\/www.sana.sy\/tr\/wp-content\/uploads\/2019\/09\/17-2-1.jpg\"><img loading=\"lazy\" decoding=\"async\" class=\"alignright wp-image-189992\" src=\"http:\/\/www.sana.sy\/tr\/wp-content\/uploads\/2019\/09\/17-2-1-300x200.jpg\" alt=\"\" width=\"269\" height=\"179\" srcset=\"https:\/\/archive.sana.sy\/tr\/wp-content\/uploads\/2019\/09\/17-2-1-300x200.jpg 300w, https:\/\/archive.sana.sy\/tr\/wp-content\/uploads\/2019\/09\/17-2-1-150x100.jpg 150w, https:\/\/archive.sana.sy\/tr\/wp-content\/uploads\/2019\/09\/17-2-1-310x205.jpg 310w, https:\/\/archive.sana.sy\/tr\/wp-content\/uploads\/2019\/09\/17-2-1.jpg 660w\" sizes=\"auto, (max-width: 269px) 100vw, 269px\" \/><\/a>B\u00f6l\u00fcm M\u00fcd\u00fcr\u00fc Abd\u00fclaziz S\u00fcveydan SANA muhabirine yapt\u0131\u011f\u0131 a\u00e7\u0131klamada; \u0130l okullar\u0131nda e\u011fitim y\u0131l\u0131n\u0131n t\u00fcm kitaplar\u0131n\u0131n mevcut oldu\u011funa i\u015faret ederken, sadece \u0130ngilizce maddesinin kitaplar\u0131 say\u0131s\u0131nda bir eksikli\u011fi tamamlamak i\u00e7in \u00e7al\u0131\u015fmalar\u0131n s\u00fcrd\u00fcr\u00fcld\u00fc\u011f\u00fcn\u00fc belirtti.<\/p>\n<p>S\u00fcveydan; e\u011fitim y\u0131l\u0131n\u0131n kitaplar\u0131n\u0131n sa\u011flamas\u0131 daha \u00f6nce haz\u0131rlanan ve yasamalara g\u00f6re tasdik edilen listelere g\u00f6re ger\u00e7ekle\u015ftirildi\u011fini ekledi.<\/p>\n<p>\u00c7eviri: P.M.<\/p>\n","protected":false},"excerpt":{"rendered":"<p>DERA \u2013 Dera Kitaplar ve Yay\u0131nlar B\u00f6l\u00fcm\u00fc \u0130l E\u011fitim M\u00fcd\u00fcrl\u00fc\u011f\u00fc taraf\u0131ndan e\u011fitim &#8211; \u00f6\u011fretim y\u0131l\u0131n\u0131n kitaplar\u0131 \u00f6\u011frencilere sa\u011flamak \u00fczere teslim almaya devam ediyor. &nbsp; B\u00f6l\u00fcm M\u00fcd\u00fcr\u00fc Abd\u00fclaziz S\u00fcveydan SANA muhabirine yapt\u0131\u011f\u0131 a\u00e7\u0131klamada; \u0130l okullar\u0131nda e\u011fitim y\u0131l\u0131n\u0131n t\u00fcm kitaplar\u0131n\u0131n mevcut oldu\u011funa i\u015faret ederken, sadece \u0130ngilizce maddesinin kitaplar\u0131 say\u0131s\u0131nda bir eksikli\u011fi tamamlamak i\u00e7in \u00e7al\u0131\u015fmalar\u0131n s\u00fcrd\u00fcr\u00fcld\u00fc\u011f\u00fcn\u00fc belirtti. S\u00fcveydan; &hellip;<\/p>\n","protected":false},"author":1,"featured_media":189990,"comment_status":"closed","ping_status":"closed","sticky":false,"template":"","format":"standard","meta":{"footnotes":""},"categories":[479,17988,478],"tags":[],"class_list":["post-189988","post","type-post","status-publish","format-standard","has-post-thumbnail","","category-haberler-yerel","category-son-haberler","category-yerel"],"_links":{"self":[{"href":"https:\/\/archive.sana.sy\/tr\/index.php?rest_route=\/wp\/v2\/posts\/189988","targetHints":{"allow":["GET"]}}],"collection":[{"href":"https:\/\/archive.sana.sy\/tr\/index.php?rest_route=\/wp\/v2\/posts"}],"about":[{"href":"https:\/\/archive.sana.sy\/tr\/index.php?rest_route=\/wp\/v2\/types\/post"}],"author":[{"embeddable":true,"href":"https:\/\/archive.sana.sy\/tr\/index.php?rest_route=\/wp\/v2\/users\/1"}],"replies":[{"embeddable":true,"href":"https:\/\/archive.sana.sy\/tr\/index.php?rest_route=%2Fwp%2Fv2%2Fcomments&post=189988"}],"version-history":[{"count":0,"href":"https:\/\/archive.sana.sy\/tr\/index.php?rest_route=\/wp\/v2\/posts\/189988\/revisions"}],"wp:featuredmedia":[{"embeddable":true,"href":"https:\/\/archive.sana.sy\/tr\/index.php?rest_route=\/wp\/v2\/media\/189990"}],"wp:attachment":[{"href":"https:\/\/archive.sana.sy\/tr\/index.php?rest_route=%2Fwp%2Fv2%2Fmedia&parent=189988"}],"wp:term":[{"taxonomy":"category","embeddable":true,"href":"https:\/\/archive.sana.sy\/tr\/index.php?rest_route=%2Fwp%2Fv2%2Fcategories&post=189988"},{"taxonomy":"post_tag","embeddable":true,"href":"https:\/\/archive.sana.sy\/tr\/index.php?rest_route=%2Fwp%2Fv2%2Ftags&post=189988"}],"curies":[{"name":"wp","href":"https:\/\/api.w.org\/{rel}","templated":true}]}}