{"id":190053,"date":"2019-09-03T23:50:12","date_gmt":"2019-09-03T20:50:12","guid":{"rendered":"http:\/\/sana.sy\/tr\/?p=190053"},"modified":"2019-09-04T14:02:15","modified_gmt":"2019-09-04T11:02:15","slug":"venezuelladan-150-suriyeli-gurbetci-sam-fuarindan-suriyenin-uygarligini-yansitiyor","status":"publish","type":"post","link":"https:\/\/archive.sana.sy\/tr\/?p=190053","title":{"rendered":"Venez\u00fcella&#8217;dan 150 Suriyeli G\u00fcrbet\u00e7i \u015eam Fuar\u0131ndan: Suriye&#8217;nin Uygarl\u0131\u011f\u0131n\u0131 Yans\u0131t\u0131yor (V\u0130DEO)"},"content":{"rendered":"<p style=\"text-align: justify;\">\u015eAM \u2013 Vatanlar\u0131na y\u00f6nelik \u015fevk ve \u00f6zlemleri, ge\u00e7mi\u015fteki an\u0131lar\u0131 Venez\u00fcella&#8217;da ya\u015fayan 150 Suriyeli gurbet\u00e7i aileleriyle birlikte<\/p>\n<p><img loading=\"lazy\" decoding=\"async\" class=\"alignright wp-image-190055\" src=\"http:\/\/sana.sy\/tr\/wp-content\/uploads\/2019\/09\/12-300x200.jpg\" alt=\"\" width=\"230\" height=\"153\" srcset=\"https:\/\/archive.sana.sy\/tr\/wp-content\/uploads\/2019\/09\/12-300x200.jpg 300w, https:\/\/archive.sana.sy\/tr\/wp-content\/uploads\/2019\/09\/12-150x100.jpg 150w, https:\/\/archive.sana.sy\/tr\/wp-content\/uploads\/2019\/09\/12-768x512.jpg 768w, https:\/\/archive.sana.sy\/tr\/wp-content\/uploads\/2019\/09\/12-1024x683.jpg 1024w, https:\/\/archive.sana.sy\/tr\/wp-content\/uploads\/2019\/09\/12-310x205.jpg 310w\" sizes=\"auto, (max-width: 230px) 100vw, 230px\" \/><\/p>\n<p style=\"text-align: justify;\">Uluslararas\u0131 \u015eam Fuar\u0131n\u0131 ziyet etmek, faaliyetlerini ve kat\u0131l\u0131mc\u0131 reyonlar\u0131 g\u00f6rmek i\u00e7in bir tur d\u00fczenlemelerine itti.<\/p>\n<p style=\"text-align: justify;\">Suriye Arap Ordusunun fedakarl\u0131klar\u0131 ve kahramanl\u0131klar\u0131na y\u00f6nelik takdirlerini dile getiren heyet, kendilerinin gurbette vatan\u0131n askerleri olduklar\u0131n\u0131, savunmaya devam edeceklerini, imar ve in\u015fas\u0131na da kat\u0131lacaklar\u0131n\u0131 vurgulad\u0131lar.<\/p>\n<p style=\"text-align: justify;\">Heyetin Uluslararas\u0131 \u015eam Fuar\u0131na ziyaretin \u00f6nemini belirten Venez\u00fcella-Suriye Dostluk Heyeti Ba\u015fkan Yard\u0131mc\u0131s\u0131 \u015eefik Abbud, \u00fclke ve firmalar\u0131n b\u00fcy\u00fck kat\u0131l\u0131mlar\u0131n\u0131n, Suriye&#8217;nin iyile\u015fti\u011fi ve afiyetinin yerine geldi\u011finin bir kan\u0131t\u0131 oldu\u011funu ifade etti.<\/p>\n<p style=\"text-align: justify;\">Abbud, Cemiyetin Gurbet\u00e7ilerle ana vatanlar\u0131 aras\u0131ndaki ileti\u015fimi peki\u015ftirmek ve yeniden imar a\u015famas\u0131nda aktif rollerinin olmas\u0131na \u00e7aba g\u00f6sterdi\u011fine i\u015faret etti.<\/p>\n<p>\u00c7eviri: S. \u015eahhut.<\/p>\n<p><iframe loading=\"lazy\" src=\"https:\/\/www.youtube.com\/embed\/9A9xEHDYHaA\" width=\"620\" height=\"348\" frameborder=\"0\" allowfullscreen=\"allowfullscreen\"><\/iframe><\/p>\n<div id='gallery-1' class='gallery galleryid-190053 gallery-columns-4 gallery-size-full'><figure class='gallery-item'>\n\t\t\t<div class='gallery-icon landscape'>\n\t\t\t\t<a href='https:\/\/archive.sana.sy\/tr\/wp-content\/uploads\/2019\/09\/25-1.jpg'><img loading=\"lazy\" decoding=\"async\" width=\"3543\" height=\"2362\" src=\"https:\/\/archive.sana.sy\/tr\/wp-content\/uploads\/2019\/09\/25-1.jpg\" class=\"attachment-full size-full\" alt=\"\" srcset=\"https:\/\/archive.sana.sy\/tr\/wp-content\/uploads\/2019\/09\/25-1.jpg 3543w, https:\/\/archive.sana.sy\/tr\/wp-content\/uploads\/2019\/09\/25-1-150x100.jpg 150w, https:\/\/archive.sana.sy\/tr\/wp-content\/uploads\/2019\/09\/25-1-300x200.jpg 300w, https:\/\/archive.sana.sy\/tr\/wp-content\/uploads\/2019\/09\/25-1-768x512.jpg 768w, https:\/\/archive.sana.sy\/tr\/wp-content\/uploads\/2019\/09\/25-1-1024x683.jpg 1024w\" sizes=\"auto, (max-width: 3543px) 100vw, 3543px\" \/><\/a>\n\t\t\t<\/div><\/figure><figure class='gallery-item'>\n\t\t\t<div class='gallery-icon landscape'>\n\t\t\t\t<a href='https:\/\/archive.sana.sy\/tr\/wp-content\/uploads\/2019\/09\/14-1.jpg'><img loading=\"lazy\" decoding=\"async\" width=\"3543\" height=\"2362\" src=\"https:\/\/archive.sana.sy\/tr\/wp-content\/uploads\/2019\/09\/14-1.jpg\" class=\"attachment-full size-full\" alt=\"\" srcset=\"https:\/\/archive.sana.sy\/tr\/wp-content\/uploads\/2019\/09\/14-1.jpg 3543w, https:\/\/archive.sana.sy\/tr\/wp-content\/uploads\/2019\/09\/14-1-150x100.jpg 150w, https:\/\/archive.sana.sy\/tr\/wp-content\/uploads\/2019\/09\/14-1-300x200.jpg 300w, https:\/\/archive.sana.sy\/tr\/wp-content\/uploads\/2019\/09\/14-1-768x512.jpg 768w, https:\/\/archive.sana.sy\/tr\/wp-content\/uploads\/2019\/09\/14-1-1024x683.jpg 1024w\" sizes=\"auto, (max-width: 3543px) 100vw, 3543px\" \/><\/a>\n\t\t\t<\/div><\/figure><figure class='gallery-item'>\n\t\t\t<div class='gallery-icon landscape'>\n\t\t\t\t<a href='https:\/\/archive.sana.sy\/tr\/wp-content\/uploads\/2019\/09\/15-1.jpg'><img loading=\"lazy\" decoding=\"async\" width=\"3543\" height=\"2364\" src=\"https:\/\/archive.sana.sy\/tr\/wp-content\/uploads\/2019\/09\/15-1.jpg\" class=\"attachment-full size-full\" alt=\"\" srcset=\"https:\/\/archive.sana.sy\/tr\/wp-content\/uploads\/2019\/09\/15-1.jpg 3543w, https:\/\/archive.sana.sy\/tr\/wp-content\/uploads\/2019\/09\/15-1-150x100.jpg 150w, https:\/\/archive.sana.sy\/tr\/wp-content\/uploads\/2019\/09\/15-1-300x200.jpg 300w, https:\/\/archive.sana.sy\/tr\/wp-content\/uploads\/2019\/09\/15-1-768x512.jpg 768w, https:\/\/archive.sana.sy\/tr\/wp-content\/uploads\/2019\/09\/15-1-1024x683.jpg 1024w\" sizes=\"auto, (max-width: 3543px) 100vw, 3543px\" \/><\/a>\n\t\t\t<\/div><\/figure><figure class='gallery-item'>\n\t\t\t<div class='gallery-icon landscape'>\n\t\t\t\t<a href='https:\/\/archive.sana.sy\/tr\/wp-content\/uploads\/2019\/09\/16.jpg'><img loading=\"lazy\" decoding=\"async\" width=\"3543\" height=\"2362\" src=\"https:\/\/archive.sana.sy\/tr\/wp-content\/uploads\/2019\/09\/16.jpg\" class=\"attachment-full size-full\" alt=\"\" srcset=\"https:\/\/archive.sana.sy\/tr\/wp-content\/uploads\/2019\/09\/16.jpg 3543w, https:\/\/archive.sana.sy\/tr\/wp-content\/uploads\/2019\/09\/16-150x100.jpg 150w, https:\/\/archive.sana.sy\/tr\/wp-content\/uploads\/2019\/09\/16-300x200.jpg 300w, https:\/\/archive.sana.sy\/tr\/wp-content\/uploads\/2019\/09\/16-768x512.jpg 768w, https:\/\/archive.sana.sy\/tr\/wp-content\/uploads\/2019\/09\/16-1024x683.jpg 1024w\" sizes=\"auto, (max-width: 3543px) 100vw, 3543px\" \/><\/a>\n\t\t\t<\/div><\/figure><figure class='gallery-item'>\n\t\t\t<div class='gallery-icon landscape'>\n\t\t\t\t<a href='https:\/\/archive.sana.sy\/tr\/wp-content\/uploads\/2019\/09\/17.jpg'><img loading=\"lazy\" decoding=\"async\" width=\"3543\" height=\"2248\" src=\"https:\/\/archive.sana.sy\/tr\/wp-content\/uploads\/2019\/09\/17.jpg\" class=\"attachment-full size-full\" alt=\"\" srcset=\"https:\/\/archive.sana.sy\/tr\/wp-content\/uploads\/2019\/09\/17.jpg 3543w, https:\/\/archive.sana.sy\/tr\/wp-content\/uploads\/2019\/09\/17-150x95.jpg 150w, https:\/\/archive.sana.sy\/tr\/wp-content\/uploads\/2019\/09\/17-300x190.jpg 300w, https:\/\/archive.sana.sy\/tr\/wp-content\/uploads\/2019\/09\/17-768x487.jpg 768w, https:\/\/archive.sana.sy\/tr\/wp-content\/uploads\/2019\/09\/17-1024x650.jpg 1024w\" sizes=\"auto, (max-width: 3543px) 100vw, 3543px\" \/><\/a>\n\t\t\t<\/div><\/figure><figure class='gallery-item'>\n\t\t\t<div class='gallery-icon landscape'>\n\t\t\t\t<a href='https:\/\/archive.sana.sy\/tr\/wp-content\/uploads\/2019\/09\/18.jpg'><img loading=\"lazy\" decoding=\"async\" width=\"3543\" height=\"2300\" src=\"https:\/\/archive.sana.sy\/tr\/wp-content\/uploads\/2019\/09\/18.jpg\" class=\"attachment-full size-full\" alt=\"\" srcset=\"https:\/\/archive.sana.sy\/tr\/wp-content\/uploads\/2019\/09\/18.jpg 3543w, https:\/\/archive.sana.sy\/tr\/wp-content\/uploads\/2019\/09\/18-150x97.jpg 150w, https:\/\/archive.sana.sy\/tr\/wp-content\/uploads\/2019\/09\/18-300x195.jpg 300w, https:\/\/archive.sana.sy\/tr\/wp-content\/uploads\/2019\/09\/18-768x499.jpg 768w, https:\/\/archive.sana.sy\/tr\/wp-content\/uploads\/2019\/09\/18-1024x665.jpg 1024w\" sizes=\"auto, (max-width: 3543px) 100vw, 3543px\" \/><\/a>\n\t\t\t<\/div><\/figure><figure class='gallery-item'>\n\t\t\t<div class='gallery-icon landscape'>\n\t\t\t\t<a href='https:\/\/archive.sana.sy\/tr\/wp-content\/uploads\/2019\/09\/19-1.jpg'><img loading=\"lazy\" decoding=\"async\" width=\"3543\" height=\"2306\" src=\"https:\/\/archive.sana.sy\/tr\/wp-content\/uploads\/2019\/09\/19-1.jpg\" class=\"attachment-full size-full\" alt=\"\" srcset=\"https:\/\/archive.sana.sy\/tr\/wp-content\/uploads\/2019\/09\/19-1.jpg 3543w, https:\/\/archive.sana.sy\/tr\/wp-content\/uploads\/2019\/09\/19-1-150x98.jpg 150w, https:\/\/archive.sana.sy\/tr\/wp-content\/uploads\/2019\/09\/19-1-300x195.jpg 300w, https:\/\/archive.sana.sy\/tr\/wp-content\/uploads\/2019\/09\/19-1-768x500.jpg 768w, https:\/\/archive.sana.sy\/tr\/wp-content\/uploads\/2019\/09\/19-1-1024x666.jpg 1024w\" sizes=\"auto, (max-width: 3543px) 100vw, 3543px\" \/><\/a>\n\t\t\t<\/div><\/figure><figure class='gallery-item'>\n\t\t\t<div class='gallery-icon landscape'>\n\t\t\t\t<a href='https:\/\/archive.sana.sy\/tr\/wp-content\/uploads\/2019\/09\/20.jpg'><img loading=\"lazy\" decoding=\"async\" width=\"3543\" height=\"2362\" src=\"https:\/\/archive.sana.sy\/tr\/wp-content\/uploads\/2019\/09\/20.jpg\" class=\"attachment-full size-full\" alt=\"\" srcset=\"https:\/\/archive.sana.sy\/tr\/wp-content\/uploads\/2019\/09\/20.jpg 3543w, https:\/\/archive.sana.sy\/tr\/wp-content\/uploads\/2019\/09\/20-150x100.jpg 150w, https:\/\/archive.sana.sy\/tr\/wp-content\/uploads\/2019\/09\/20-300x200.jpg 300w, https:\/\/archive.sana.sy\/tr\/wp-content\/uploads\/2019\/09\/20-768x512.jpg 768w, https:\/\/archive.sana.sy\/tr\/wp-content\/uploads\/2019\/09\/20-1024x683.jpg 1024w\" sizes=\"auto, (max-width: 3543px) 100vw, 3543px\" \/><\/a>\n\t\t\t<\/div><\/figure><figure class='gallery-item'>\n\t\t\t<div class='gallery-icon landscape'>\n\t\t\t\t<a href='https:\/\/archive.sana.sy\/tr\/wp-content\/uploads\/2019\/09\/21-2.jpg'><img loading=\"lazy\" decoding=\"async\" width=\"3543\" height=\"2337\" src=\"https:\/\/archive.sana.sy\/tr\/wp-content\/uploads\/2019\/09\/21-2.jpg\" class=\"attachment-full size-full\" alt=\"\" srcset=\"https:\/\/archive.sana.sy\/tr\/wp-content\/uploads\/2019\/09\/21-2.jpg 3543w, https:\/\/archive.sana.sy\/tr\/wp-content\/uploads\/2019\/09\/21-2-150x99.jpg 150w, https:\/\/archive.sana.sy\/tr\/wp-content\/uploads\/2019\/09\/21-2-300x198.jpg 300w, https:\/\/archive.sana.sy\/tr\/wp-content\/uploads\/2019\/09\/21-2-768x507.jpg 768w, https:\/\/archive.sana.sy\/tr\/wp-content\/uploads\/2019\/09\/21-2-1024x675.jpg 1024w, https:\/\/archive.sana.sy\/tr\/wp-content\/uploads\/2019\/09\/21-2-310x205.jpg 310w\" sizes=\"auto, (max-width: 3543px) 100vw, 3543px\" \/><\/a>\n\t\t\t<\/div><\/figure><figure class='gallery-item'>\n\t\t\t<div class='gallery-icon landscape'>\n\t\t\t\t<a href='https:\/\/archive.sana.sy\/tr\/wp-content\/uploads\/2019\/09\/22-1.jpg'><img loading=\"lazy\" decoding=\"async\" width=\"3543\" height=\"2378\" src=\"https:\/\/archive.sana.sy\/tr\/wp-content\/uploads\/2019\/09\/22-1.jpg\" class=\"attachment-full size-full\" alt=\"\" srcset=\"https:\/\/archive.sana.sy\/tr\/wp-content\/uploads\/2019\/09\/22-1.jpg 3543w, https:\/\/archive.sana.sy\/tr\/wp-content\/uploads\/2019\/09\/22-1-150x101.jpg 150w, https:\/\/archive.sana.sy\/tr\/wp-content\/uploads\/2019\/09\/22-1-300x201.jpg 300w, https:\/\/archive.sana.sy\/tr\/wp-content\/uploads\/2019\/09\/22-1-768x515.jpg 768w, https:\/\/archive.sana.sy\/tr\/wp-content\/uploads\/2019\/09\/22-1-1024x687.jpg 1024w, https:\/\/archive.sana.sy\/tr\/wp-content\/uploads\/2019\/09\/22-1-110x75.jpg 110w\" sizes=\"auto, (max-width: 3543px) 100vw, 3543px\" \/><\/a>\n\t\t\t<\/div><\/figure><figure class='gallery-item'>\n\t\t\t<div class='gallery-icon landscape'>\n\t\t\t\t<a href='https:\/\/archive.sana.sy\/tr\/wp-content\/uploads\/2019\/09\/23-2.jpg'><img loading=\"lazy\" decoding=\"async\" width=\"3543\" height=\"2372\" src=\"https:\/\/archive.sana.sy\/tr\/wp-content\/uploads\/2019\/09\/23-2.jpg\" class=\"attachment-full size-full\" alt=\"\" srcset=\"https:\/\/archive.sana.sy\/tr\/wp-content\/uploads\/2019\/09\/23-2.jpg 3543w, https:\/\/archive.sana.sy\/tr\/wp-content\/uploads\/2019\/09\/23-2-150x100.jpg 150w, https:\/\/archive.sana.sy\/tr\/wp-content\/uploads\/2019\/09\/23-2-300x201.jpg 300w, https:\/\/archive.sana.sy\/tr\/wp-content\/uploads\/2019\/09\/23-2-768x514.jpg 768w, https:\/\/archive.sana.sy\/tr\/wp-content\/uploads\/2019\/09\/23-2-1024x686.jpg 1024w, https:\/\/archive.sana.sy\/tr\/wp-content\/uploads\/2019\/09\/23-2-110x75.jpg 110w\" sizes=\"auto, (max-width: 3543px) 100vw, 3543px\" \/><\/a>\n\t\t\t<\/div><\/figure><figure class='gallery-item'>\n\t\t\t<div class='gallery-icon landscape'>\n\t\t\t\t<a href='https:\/\/archive.sana.sy\/tr\/wp-content\/uploads\/2019\/09\/24-1.jpg'><img loading=\"lazy\" decoding=\"async\" width=\"3543\" height=\"2362\" src=\"https:\/\/archive.sana.sy\/tr\/wp-content\/uploads\/2019\/09\/24-1.jpg\" class=\"attachment-full size-full\" alt=\"\" srcset=\"https:\/\/archive.sana.sy\/tr\/wp-content\/uploads\/2019\/09\/24-1.jpg 3543w, https:\/\/archive.sana.sy\/tr\/wp-content\/uploads\/2019\/09\/24-1-150x100.jpg 150w, https:\/\/archive.sana.sy\/tr\/wp-content\/uploads\/2019\/09\/24-1-300x200.jpg 300w, https:\/\/archive.sana.sy\/tr\/wp-content\/uploads\/2019\/09\/24-1-768x512.jpg 768w, https:\/\/archive.sana.sy\/tr\/wp-content\/uploads\/2019\/09\/24-1-1024x683.jpg 1024w\" sizes=\"auto, (max-width: 3543px) 100vw, 3543px\" \/><\/a>\n\t\t\t<\/div><\/figure>\n\t\t<\/div>\n\n","protected":false},"excerpt":{"rendered":"<p>\u015eAM \u2013 Vatanlar\u0131na y\u00f6nelik \u015fevk ve \u00f6zlemleri, ge\u00e7mi\u015fteki an\u0131lar\u0131 Venez\u00fcella&#8217;da ya\u015fayan 150 Suriyeli gurbet\u00e7i aileleriyle birlikte Uluslararas\u0131 \u015eam Fuar\u0131n\u0131 ziyet etmek, faaliyetlerini ve kat\u0131l\u0131mc\u0131 reyonlar\u0131 g\u00f6rmek i\u00e7in bir tur d\u00fczenlemelerine itti. Suriye Arap Ordusunun fedakarl\u0131klar\u0131 ve kahramanl\u0131klar\u0131na y\u00f6nelik takdirlerini dile getiren heyet, kendilerinin gurbette vatan\u0131n askerleri olduklar\u0131n\u0131, savunmaya devam edeceklerini, imar ve in\u015fas\u0131na da kat\u0131lacaklar\u0131n\u0131 &hellip;<\/p>\n","protected":false},"author":1,"featured_media":190054,"comment_status":"closed","ping_status":"closed","sticky":false,"template":"","format":"standard","meta":{"footnotes":""},"categories":[38173,596,479,17988,478],"tags":[],"class_list":["post-190053","post","type-post","status-publish","format-standard","has-post-thumbnail","","category-61-uluslararasi-sam-fuari","category-fotografli-raporlar","category-haberler-yerel","category-son-haberler","category-yerel"],"_links":{"self":[{"href":"https:\/\/archive.sana.sy\/tr\/index.php?rest_route=\/wp\/v2\/posts\/190053","targetHints":{"allow":["GET"]}}],"collection":[{"href":"https:\/\/archive.sana.sy\/tr\/index.php?rest_route=\/wp\/v2\/posts"}],"about":[{"href":"https:\/\/archive.sana.sy\/tr\/index.php?rest_route=\/wp\/v2\/types\/post"}],"author":[{"embeddable":true,"href":"https:\/\/archive.sana.sy\/tr\/index.php?rest_route=\/wp\/v2\/users\/1"}],"replies":[{"embeddable":true,"href":"https:\/\/archive.sana.sy\/tr\/index.php?rest_route=%2Fwp%2Fv2%2Fcomments&post=190053"}],"version-history":[{"count":0,"href":"https:\/\/archive.sana.sy\/tr\/index.php?rest_route=\/wp\/v2\/posts\/190053\/revisions"}],"wp:featuredmedia":[{"embeddable":true,"href":"https:\/\/archive.sana.sy\/tr\/index.php?rest_route=\/wp\/v2\/media\/190054"}],"wp:attachment":[{"href":"https:\/\/archive.sana.sy\/tr\/index.php?rest_route=%2Fwp%2Fv2%2Fmedia&parent=190053"}],"wp:term":[{"taxonomy":"category","embeddable":true,"href":"https:\/\/archive.sana.sy\/tr\/index.php?rest_route=%2Fwp%2Fv2%2Fcategories&post=190053"},{"taxonomy":"post_tag","embeddable":true,"href":"https:\/\/archive.sana.sy\/tr\/index.php?rest_route=%2Fwp%2Fv2%2Ftags&post=190053"}],"curies":[{"name":"wp","href":"https:\/\/api.w.org\/{rel}","templated":true}]}}