{"id":190071,"date":"2019-09-03T23:45:21","date_gmt":"2019-09-03T20:45:21","guid":{"rendered":"http:\/\/sana.sy\/tr\/?p=190071"},"modified":"2019-09-04T13:59:59","modified_gmt":"2019-09-04T10:59:59","slug":"iranli-sirketler-suriyeye-yardim-etmek-ve-ulusal-ekonomisini-desteklemeye-haziriz","status":"publish","type":"post","link":"https:\/\/archive.sana.sy\/tr\/?p=190071","title":{"rendered":"\u0130ranl\u0131 \u015eirketler.. Suriye&#8217;ye Yard\u0131m etmek ve Ulusal Ekonomisini Desteklemeye Haz\u0131r\u0131z"},"content":{"rendered":"<p style=\"text-align: justify;\">\u015eAM &#8211; 61. Uluslararas\u0131 \u015eam Fuar\u0131&#8217;na kat\u0131lan \u0130ranl\u0131 firmalardan baz\u0131 temsilciler, Suriye&#8217;deki \u015fehirlerde ve sanayi b\u00f6lgelerinde \u00fcretimin h\u0131zlanmas\u0131na, fabrikalar\u0131n ve \u00fcretim tesislerinin kurulmas\u0131na, Suriye&#8217;ye yard\u0131m etmek ve \u00fclke ekonomisine destek vermeye haz\u0131r olduklar\u0131n\u0131 vurgulayarak g\u00fcvenlerini dile getirdi.<\/p>\n<p style=\"text-align: justify;\"><a href=\"http:\/\/sana.sy\/tr\/wp-content\/uploads\/2019\/09\/42.jpg\"><img loading=\"lazy\" decoding=\"async\" class=\"alignright size-medium wp-image-190073\" src=\"http:\/\/sana.sy\/tr\/wp-content\/uploads\/2019\/09\/42-300x200.jpg\" alt=\"\" width=\"300\" height=\"200\" srcset=\"https:\/\/archive.sana.sy\/tr\/wp-content\/uploads\/2019\/09\/42-300x200.jpg 300w, https:\/\/archive.sana.sy\/tr\/wp-content\/uploads\/2019\/09\/42-150x100.jpg 150w, https:\/\/archive.sana.sy\/tr\/wp-content\/uploads\/2019\/09\/42-768x512.jpg 768w, https:\/\/archive.sana.sy\/tr\/wp-content\/uploads\/2019\/09\/42-1024x683.jpg 1024w\" sizes=\"auto, (max-width: 300px) 100vw, 300px\" \/><\/a>Uluslararas\u0131 \u015eam Fuar\u0131&#8217;ndaki \u0130ran reyonu direkt\u00f6r\u00fc Muhammed R\u0131da Hanzade SANA muhabirine a\u00e7\u0131klamas\u0131nda, fuara, \u00f6zellikle otomobil, yedek par\u00e7a, a\u011f\u0131r sanayi, elektrikli ev aletleri, in\u015faat malzemeleri, m\u00fchendislik hizmetleri, g\u0131da, sigorta, t\u0131bbi ar\u0131tma, petrol ve petrokimya alanlar\u0131nda onlarca \u0130ranl\u0131 firman\u0131n kat\u0131ld\u0131\u011f\u0131n\u0131 s\u00f6yledi.<\/p>\n<p style=\"text-align: justify;\">Hanzade, fuar\u0131n 59. d\u00f6neminden bu yana kat\u0131lan yabanc\u0131 \u015firketlerin say\u0131s\u0131n\u0131n artmas\u0131n\u0131n, Suriye\u2019nin toparlanmas\u0131 ve ekonomik kalk\u0131nma y\u00fcr\u00fcy\u00fc\u015f\u00fcn\u00fcn geri d\u00f6nd\u00fc\u011f\u00fcn\u00fcn bir i\u015fareti oldu\u011funu vurgulayarak, iki \u00fclke, \u015firketler ve i\u015fadamlar\u0131 aras\u0131ndaki ekonomik i\u015fbirli\u011finin, ayn\u0131 d\u00fczeyde artan \u00f6zel fuarlar, deneyim ve anla\u015fma al\u0131\u015fveri\u015fi ile, politik ve sosyal a\u00e7\u0131dan iyi ili\u015fkiler nedeniyle ekonomik i\u015fbirli\u011fini g\u00fc\u00e7lendirme gere\u011fini vurgulad\u0131.<\/p>\n<p style=\"text-align: justify;\"><a href=\"http:\/\/sana.sy\/tr\/wp-content\/uploads\/2019\/09\/43.jpg\"><img loading=\"lazy\" decoding=\"async\" class=\"alignright size-medium wp-image-190074\" src=\"http:\/\/sana.sy\/tr\/wp-content\/uploads\/2019\/09\/43-300x200.jpg\" alt=\"\" width=\"300\" height=\"200\" srcset=\"https:\/\/archive.sana.sy\/tr\/wp-content\/uploads\/2019\/09\/43-300x200.jpg 300w, https:\/\/archive.sana.sy\/tr\/wp-content\/uploads\/2019\/09\/43-150x100.jpg 150w, https:\/\/archive.sana.sy\/tr\/wp-content\/uploads\/2019\/09\/43-768x512.jpg 768w, https:\/\/archive.sana.sy\/tr\/wp-content\/uploads\/2019\/09\/43-1024x683.jpg 1024w\" sizes=\"auto, (max-width: 300px) 100vw, 300px\" \/><\/a>Ekmek ve Pasta Sanayi Aletleri \u015eirketi M\u00fcd\u00fcr\u00fc\u00a0 Me\u015fhed Ebu El Kas\u0131m \u0130shakabadi, \u0130ran-Suriye ekonomik i\u015fbirli\u011finin ileriye do\u011fru b\u00fcy\u00fck ad\u0131mlarla sistemli bir \u015fekilde ilerledi\u011fini, Suriye&#8217;nin dost ve karde\u015f \u00fclke oldu\u011funu ve Suriye ile i\u015fbirli\u011fini desteklemeye ve g\u00fc\u00e7lendirmeye haz\u0131r olduklar\u0131na dikkat \u00e7ekti.<\/p>\n<p style=\"text-align: justify;\">\u00dcretim hatlar\u0131 Sanayi \u015eirketi olan Demirci \u015eirketi Y\u00f6netim Kurulu \u00dcyesi H\u00fczeyin Rahmanyan, \u015firketin Suriye&#8217;deki firmalarla, tesislerle ve fabrikalarla i\u015fbirli\u011fini artt\u0131rmay\u0131 \u00fcmit ederek 60 y\u0131ldan uzun bir s\u00fcredir \u00fcrettikleri makine ve \u00fcretim hatlar\u0131 ile bu alandaki uzun deneyimlerini art\u0131rmaya ve \u00fcretim hatlar\u0131n\u0131 yenilemeye yard\u0131mc\u0131 olduklar\u0131n\u0131 belirtti.<\/p>\n<p style=\"text-align: justify;\">\u00dclkesinin Suriye gibi sava\u015f ko\u015fullar\u0131ndan ge\u00e7ti\u011fini ve ekonomisini yeniden canland\u0131rabilece\u011finin alt\u0131n\u0131 \u00e7izen Rahmanyan, \u015eirketin, bir \u00e7ok \u0130ranl\u0131 fabrika ve \u015firketini \u00fcretim hatlar\u0131yla destekleyerek yeniden \u00e7al\u0131\u015fmaya d\u00f6nd\u00fcklerini belirterek Suriye end\u00fcstrisinin bundan daha iyi bir gelece\u011fe do\u011fru ilerleyece\u011fi \u00fcmidini dile getirdi ve \u0130ranl\u0131 \u015firketlerin buna katk\u0131da bulunmas\u0131 konusundaki iste\u011fini vurgulad\u0131.<\/p>\n<p>\u00c7eviri: S. \u015eahhut.<\/p>\n<div id='gallery-1' class='gallery galleryid-190071 gallery-columns-4 gallery-size-full'><figure class='gallery-item'>\n\t\t\t<div class='gallery-icon landscape'>\n\t\t\t\t<a href='https:\/\/archive.sana.sy\/tr\/wp-content\/uploads\/2019\/09\/44.jpg'><img loading=\"lazy\" decoding=\"async\" width=\"3543\" height=\"2362\" src=\"https:\/\/archive.sana.sy\/tr\/wp-content\/uploads\/2019\/09\/44.jpg\" class=\"attachment-full size-full\" alt=\"\" srcset=\"https:\/\/archive.sana.sy\/tr\/wp-content\/uploads\/2019\/09\/44.jpg 3543w, https:\/\/archive.sana.sy\/tr\/wp-content\/uploads\/2019\/09\/44-150x100.jpg 150w, https:\/\/archive.sana.sy\/tr\/wp-content\/uploads\/2019\/09\/44-300x200.jpg 300w, https:\/\/archive.sana.sy\/tr\/wp-content\/uploads\/2019\/09\/44-768x512.jpg 768w, https:\/\/archive.sana.sy\/tr\/wp-content\/uploads\/2019\/09\/44-1024x683.jpg 1024w\" sizes=\"auto, (max-width: 3543px) 100vw, 3543px\" \/><\/a>\n\t\t\t<\/div><\/figure><figure class='gallery-item'>\n\t\t\t<div class='gallery-icon landscape'>\n\t\t\t\t<a href='https:\/\/archive.sana.sy\/tr\/wp-content\/uploads\/2019\/09\/45.jpg'><img loading=\"lazy\" decoding=\"async\" width=\"3543\" height=\"2362\" src=\"https:\/\/archive.sana.sy\/tr\/wp-content\/uploads\/2019\/09\/45.jpg\" class=\"attachment-full size-full\" alt=\"\" srcset=\"https:\/\/archive.sana.sy\/tr\/wp-content\/uploads\/2019\/09\/45.jpg 3543w, https:\/\/archive.sana.sy\/tr\/wp-content\/uploads\/2019\/09\/45-150x100.jpg 150w, https:\/\/archive.sana.sy\/tr\/wp-content\/uploads\/2019\/09\/45-300x200.jpg 300w, https:\/\/archive.sana.sy\/tr\/wp-content\/uploads\/2019\/09\/45-768x512.jpg 768w, https:\/\/archive.sana.sy\/tr\/wp-content\/uploads\/2019\/09\/45-1024x683.jpg 1024w\" sizes=\"auto, (max-width: 3543px) 100vw, 3543px\" \/><\/a>\n\t\t\t<\/div><\/figure><figure class='gallery-item'>\n\t\t\t<div class='gallery-icon landscape'>\n\t\t\t\t<a href='https:\/\/archive.sana.sy\/tr\/wp-content\/uploads\/2019\/09\/46.jpg'><img loading=\"lazy\" decoding=\"async\" width=\"3543\" height=\"2362\" src=\"https:\/\/archive.sana.sy\/tr\/wp-content\/uploads\/2019\/09\/46.jpg\" class=\"attachment-full size-full\" alt=\"\" srcset=\"https:\/\/archive.sana.sy\/tr\/wp-content\/uploads\/2019\/09\/46.jpg 3543w, https:\/\/archive.sana.sy\/tr\/wp-content\/uploads\/2019\/09\/46-150x100.jpg 150w, https:\/\/archive.sana.sy\/tr\/wp-content\/uploads\/2019\/09\/46-300x200.jpg 300w, https:\/\/archive.sana.sy\/tr\/wp-content\/uploads\/2019\/09\/46-768x512.jpg 768w, https:\/\/archive.sana.sy\/tr\/wp-content\/uploads\/2019\/09\/46-1024x683.jpg 1024w\" sizes=\"auto, (max-width: 3543px) 100vw, 3543px\" \/><\/a>\n\t\t\t<\/div><\/figure><figure class='gallery-item'>\n\t\t\t<div class='gallery-icon landscape'>\n\t\t\t\t<a href='https:\/\/archive.sana.sy\/tr\/wp-content\/uploads\/2019\/09\/47.jpg'><img loading=\"lazy\" decoding=\"async\" width=\"3543\" height=\"2206\" src=\"https:\/\/archive.sana.sy\/tr\/wp-content\/uploads\/2019\/09\/47.jpg\" class=\"attachment-full size-full\" alt=\"\" srcset=\"https:\/\/archive.sana.sy\/tr\/wp-content\/uploads\/2019\/09\/47.jpg 3543w, https:\/\/archive.sana.sy\/tr\/wp-content\/uploads\/2019\/09\/47-150x93.jpg 150w, https:\/\/archive.sana.sy\/tr\/wp-content\/uploads\/2019\/09\/47-300x187.jpg 300w, https:\/\/archive.sana.sy\/tr\/wp-content\/uploads\/2019\/09\/47-768x478.jpg 768w, https:\/\/archive.sana.sy\/tr\/wp-content\/uploads\/2019\/09\/47-1024x638.jpg 1024w\" sizes=\"auto, (max-width: 3543px) 100vw, 3543px\" \/><\/a>\n\t\t\t<\/div><\/figure>\n\t\t<\/div>\n\n","protected":false},"excerpt":{"rendered":"<p>\u015eAM &#8211; 61. Uluslararas\u0131 \u015eam Fuar\u0131&#8217;na kat\u0131lan \u0130ranl\u0131 firmalardan baz\u0131 temsilciler, Suriye&#8217;deki \u015fehirlerde ve sanayi b\u00f6lgelerinde \u00fcretimin h\u0131zlanmas\u0131na, fabrikalar\u0131n ve \u00fcretim tesislerinin kurulmas\u0131na, Suriye&#8217;ye yard\u0131m etmek ve \u00fclke ekonomisine destek vermeye haz\u0131r olduklar\u0131n\u0131 vurgulayarak g\u00fcvenlerini dile getirdi. Uluslararas\u0131 \u015eam Fuar\u0131&#8217;ndaki \u0130ran reyonu direkt\u00f6r\u00fc Muhammed R\u0131da Hanzade SANA muhabirine a\u00e7\u0131klamas\u0131nda, fuara, \u00f6zellikle otomobil, yedek par\u00e7a, a\u011f\u0131r &hellip;<\/p>\n","protected":false},"author":1,"featured_media":190072,"comment_status":"closed","ping_status":"closed","sticky":false,"template":"","format":"standard","meta":{"footnotes":""},"categories":[38173,485,596,486,479,17988,478],"tags":[],"class_list":["post-190071","post","type-post","status-publish","format-standard","has-post-thumbnail","","category-61-uluslararasi-sam-fuari","category-is-ve-sermaye","category-fotografli-raporlar","category-haberler-is-ve-sermaye","category-haberler-yerel","category-son-haberler","category-yerel"],"_links":{"self":[{"href":"https:\/\/archive.sana.sy\/tr\/index.php?rest_route=\/wp\/v2\/posts\/190071","targetHints":{"allow":["GET"]}}],"collection":[{"href":"https:\/\/archive.sana.sy\/tr\/index.php?rest_route=\/wp\/v2\/posts"}],"about":[{"href":"https:\/\/archive.sana.sy\/tr\/index.php?rest_route=\/wp\/v2\/types\/post"}],"author":[{"embeddable":true,"href":"https:\/\/archive.sana.sy\/tr\/index.php?rest_route=\/wp\/v2\/users\/1"}],"replies":[{"embeddable":true,"href":"https:\/\/archive.sana.sy\/tr\/index.php?rest_route=%2Fwp%2Fv2%2Fcomments&post=190071"}],"version-history":[{"count":0,"href":"https:\/\/archive.sana.sy\/tr\/index.php?rest_route=\/wp\/v2\/posts\/190071\/revisions"}],"wp:featuredmedia":[{"embeddable":true,"href":"https:\/\/archive.sana.sy\/tr\/index.php?rest_route=\/wp\/v2\/media\/190072"}],"wp:attachment":[{"href":"https:\/\/archive.sana.sy\/tr\/index.php?rest_route=%2Fwp%2Fv2%2Fmedia&parent=190071"}],"wp:term":[{"taxonomy":"category","embeddable":true,"href":"https:\/\/archive.sana.sy\/tr\/index.php?rest_route=%2Fwp%2Fv2%2Fcategories&post=190071"},{"taxonomy":"post_tag","embeddable":true,"href":"https:\/\/archive.sana.sy\/tr\/index.php?rest_route=%2Fwp%2Fv2%2Ftags&post=190071"}],"curies":[{"name":"wp","href":"https:\/\/api.w.org\/{rel}","templated":true}]}}