{"id":190080,"date":"2019-09-03T23:59:58","date_gmt":"2019-09-03T20:59:58","guid":{"rendered":"http:\/\/sana.sy\/tr\/?p=190080"},"modified":"2019-09-04T14:00:14","modified_gmt":"2019-09-04T11:00:14","slug":"cumhurbaskani-esadin-yonlendirmeleriyle-hukumet-heyeti-kurtarilmis-rakka-kirsalini-ziyaret-etti","status":"publish","type":"post","link":"https:\/\/archive.sana.sy\/tr\/?p=190080","title":{"rendered":"Cumhurba\u015fkan\u0131 Esad&#8217;\u0131n Y\u00f6nlendirmeleriyle H\u00fck\u00fcmet Heyeti Kurtar\u0131lm\u0131\u015f Rakka K\u0131rsal\u0131n\u0131 Ziyaret Etti (V\u0130DEO)"},"content":{"rendered":"<p style=\"text-align: justify;\">RAKKA \u2013 DEYREZZOR &#8211; Cumhurba\u015fkan\u0131 Be\u015f\u015far Esad&#8217;\u0131n y\u00f6nlendirmeleriyle, bir h\u00fck\u00fcmet heyeti, i\u00e7indeki hizmetlerin ger\u00e7ekli\u011fini g\u00f6rmek ve Suriye Arap Ordusu&#8217;nun ter\u00f6rizmden kurtard\u0131\u011f\u0131 alanlar\u0131n altyap\u0131s\u0131n\u0131 rehabilite etmek i\u00e7in kurtar\u0131lm\u0131\u015f k\u0131rsal b\u00f6lgeyi ziyaret etti. Al-Buhamad 66\/20 d\u00f6n\u00fc\u015f\u00fcm istasyonu 3 milyar lira bedel kar\u015f\u0131l\u0131\u011f\u0131nda yeniden onar\u0131lmas\u0131 ard\u0131ndan hizmete ge\u00e7irildi.<\/p>\n<p style=\"text-align: justify;\"><a href=\"http:\/\/sana.sy\/tr\/wp-content\/uploads\/2019\/09\/42-1.jpg\"><img loading=\"lazy\" decoding=\"async\" class=\"alignright size-medium wp-image-190082\" src=\"http:\/\/sana.sy\/tr\/wp-content\/uploads\/2019\/09\/42-1-300x169.jpg\" alt=\"\" width=\"300\" height=\"169\" srcset=\"https:\/\/archive.sana.sy\/tr\/wp-content\/uploads\/2019\/09\/42-1-300x169.jpg 300w, https:\/\/archive.sana.sy\/tr\/wp-content\/uploads\/2019\/09\/42-1-150x84.jpg 150w, https:\/\/archive.sana.sy\/tr\/wp-content\/uploads\/2019\/09\/42-1-768x432.jpg 768w, https:\/\/archive.sana.sy\/tr\/wp-content\/uploads\/2019\/09\/42-1-1024x576.jpg 1024w\" sizes=\"auto, (max-width: 300px) 100vw, 300px\" \/><\/a>Su Kaynaklar\u0131 Bakan\u0131 H\u00fcseyin Arnus, Yerel \u0130dare ve \u00c7evre Bakan\u0131 H\u00fcseyin Mahluf, Petrol ve Maden Kaynaklar\u0131 Bakan\u0131, Ali Ganim, Elektrik Bakan\u0131 Muhammed Z\u00fcheyr Harbutlu, b\u00f6lgedeki ya\u015famsal ve hizmetsel tesislerin durumlar\u0131n\u0131 g\u00f6rmek ve vatanda\u015flar\u0131n hizmet gereksinimlerini temin etmek hedefiyle Deyrezzor ve Rakka illerini gezdi.<\/p>\n<p style=\"text-align: justify;\">Su Kaynaklar\u0131 Bakan\u0131 H\u00fcseyin Arnus gazetecilere verdi\u011fi deme\u00e7te, bu ziyaretin, Cumhurba\u015fkan\u0131 Be\u015far Esad&#8217;\u0131n y\u00f6nlendirmeleriyle, Ba\u015fbakan&#8217;\u0131n \u015fehri ziyareti s\u0131ras\u0131nda onaylanan projelerin durumunu tan\u0131mak, vatanda\u015flar\u0131n ve devlet kurumlar\u0131n\u0131n ihtiya\u00e7lar\u0131n\u0131 g\u00f6zden ge\u00e7irmek, hizmet ve altyap\u0131n\u0131n teminini sa\u011flamak amac\u0131 ta\u015f\u0131d\u0131\u011f\u0131n\u0131 s\u00f6yleyerek, mevcut olanaklar dahilinde m\u00fcmk\u00fcn olan her\u015feyin temin edilmesi \u00e7abalar\u0131n\u0131 s\u00fcrd\u00fcr\u00fclece\u011fine dikkat \u00e7ekti.<\/p>\n<p style=\"text-align: justify;\"><a href=\"http:\/\/sana.sy\/tr\/wp-content\/uploads\/2019\/09\/43-1.jpg\"><img loading=\"lazy\" decoding=\"async\" class=\"alignright size-medium wp-image-190083\" src=\"http:\/\/sana.sy\/tr\/wp-content\/uploads\/2019\/09\/43-1-300x188.jpg\" alt=\"\" width=\"300\" height=\"188\" srcset=\"https:\/\/archive.sana.sy\/tr\/wp-content\/uploads\/2019\/09\/43-1-300x188.jpg 300w, https:\/\/archive.sana.sy\/tr\/wp-content\/uploads\/2019\/09\/43-1-150x94.jpg 150w, https:\/\/archive.sana.sy\/tr\/wp-content\/uploads\/2019\/09\/43-1-768x482.jpg 768w, https:\/\/archive.sana.sy\/tr\/wp-content\/uploads\/2019\/09\/43-1-1024x642.jpg 1024w\" sizes=\"auto, (max-width: 300px) 100vw, 300px\" \/><\/a>Kendi y\u00f6n\u00fcnden Elektrik Bakan\u0131, 20 MVA kapasiteli Al-Buhamad istasyonunun ter\u00f6r \u00f6rg\u00fctleri taraf\u0131ndan tamamen sabote edildi\u011fini, bakanl\u0131\u011f\u0131n at\u00f6lyeleri, bir trafo h\u00fccresinin rehabilitasyonu, bir h\u00fccre hatt\u0131n\u0131n rehabilitasyonu ve da\u011f\u0131t\u0131m bah\u00e7esinden kontrol odas\u0131na kablo d\u00f6\u015fenmesinin tamamland\u0131\u011f\u0131n\u0131 belirterek, rehabilitasyon \u00e7al\u0131\u015fmalar\u0131n\u0131n rekor s\u00fcrede \u00fc\u00e7 milyar Suriye liraya mal oldu\u011funu dile getirdi.<\/p>\n<p style=\"text-align: justify;\">Heyet ayr\u0131ca Ma&#8217;adan kenti e\u011fitim kompleksini ziyaret ederek e\u011fitim s\u00fcrecinin seyrini g\u00f6zlemledi. Rakka E\u011fitim M\u00fcd\u00fcr\u00fc Abdulilah Hadi, ildeki okul say\u0131s\u0131n\u0131n 23 bin \u00f6\u011frenciyi bar\u0131nd\u0131ran 125 okula ula\u015ft\u0131\u011f\u0131, e\u011fitim s\u00fcrecinin ba\u015far\u0131s\u0131 i\u00e7in gerekli t\u00fcm \u015fartlar\u0131n sa\u011fland\u0131\u011f\u0131n\u0131 belirtti. okullarda e\u011fitim s\u00fcrecinin ilerlemesini denetledi.<\/p>\n<p style=\"text-align: justify;\"><a href=\"http:\/\/sana.sy\/tr\/wp-content\/uploads\/2019\/09\/54.jpg\"><img loading=\"lazy\" decoding=\"async\" class=\"alignright size-medium wp-image-190084\" src=\"http:\/\/sana.sy\/tr\/wp-content\/uploads\/2019\/09\/54-300x163.jpg\" alt=\"\" width=\"300\" height=\"163\" srcset=\"https:\/\/archive.sana.sy\/tr\/wp-content\/uploads\/2019\/09\/54-300x163.jpg 300w, https:\/\/archive.sana.sy\/tr\/wp-content\/uploads\/2019\/09\/54-150x82.jpg 150w, https:\/\/archive.sana.sy\/tr\/wp-content\/uploads\/2019\/09\/54.jpg 660w\" sizes=\"auto, (max-width: 300px) 100vw, 300px\" \/><\/a>H\u00fck\u00fcmet heyeti, Ma&#8217;adan Belediye Meclisi binas\u0131n\u0131n rehabilitasyonu, Ma&#8217;adan ve Hamdaniya sa\u011fl\u0131k merkezlerinde vatanda\u015flara sa\u011flanan sa\u011fl\u0131k hizmetleri hakk\u0131nda bilgi ald\u0131.<\/p>\n<p style=\"text-align: justify;\">Heyetin gezisi ayr\u0131ca Ma\u011fla k\u00f6y\u00fcnde 6.000 hektar tar\u0131m arazisini sulayan ve \u015fu anda rehabilite edilen, saatte 800 metrek\u00fcp kapasitede \u00e7al\u0131\u015fan Sabha Su \u0130stasyonunu gezisini i\u00e7ererek, \u00e7al\u0131\u015fma ve uygulanan projelerle il ihtiya\u00e7lar\u0131n\u0131n durumlar\u0131n\u0131n ele al\u0131nd\u0131\u011f\u0131 servis departmanlar\u0131 ve devlet kurumlar\u0131n\u0131n y\u00f6neticileriyle bulu\u015fma ziyaretiyle tamamlad\u0131lar.<\/p>\n<p style=\"text-align: justify;\"><a href=\"http:\/\/sana.sy\/tr\/wp-content\/uploads\/2019\/09\/55.jpg\"><img loading=\"lazy\" decoding=\"async\" class=\"alignright size-medium wp-image-190085\" src=\"http:\/\/sana.sy\/tr\/wp-content\/uploads\/2019\/09\/55-300x169.jpg\" alt=\"\" width=\"300\" height=\"169\" srcset=\"https:\/\/archive.sana.sy\/tr\/wp-content\/uploads\/2019\/09\/55-300x169.jpg 300w, https:\/\/archive.sana.sy\/tr\/wp-content\/uploads\/2019\/09\/55-150x84.jpg 150w, https:\/\/archive.sana.sy\/tr\/wp-content\/uploads\/2019\/09\/55-768x432.jpg 768w, https:\/\/archive.sana.sy\/tr\/wp-content\/uploads\/2019\/09\/55-1024x576.jpg 1024w\" sizes=\"auto, (max-width: 300px) 100vw, 300px\" \/><\/a>\u00d6te yandan Yerel \u0130dare ve \u00c7evre Bakan\u0131 H\u00fcseyin Mahluf, h\u00fck\u00fcmetin vatanda\u015flar\u0131n ter\u00f6rizmden kurtar\u0131lan b\u00f6lgelerdeki evlerine ve k\u00f6ylerine geri d\u00f6nmeleri i\u00e7in elinden gelenin en iyisini yaparak, kurtar\u0131lan Rakka k\u0131rsal\u0131ndaki devlet kurumlar\u0131 \u00e7al\u0131\u015fmalar\u0131n\u0131n temel altyap\u0131n\u0131n yeniden rehanilite edilmesiyle do\u011fru y\u00f6nde ilerledi\u011fini belirtti.<\/p>\n<p style=\"text-align: justify;\">Petrol ve Maden Kaynaklar\u0131 Bakan\u0131 Ali \u011eanim ise bu ziyaretin, kurtar\u0131lm\u0131\u015f Rakka\u00a0 k\u0131rsal\u0131ndaki hizmet ve kalk\u0131nsal durumlar\u0131 yerinde g\u00f6rmek ve orada uygulanan ve uygulanmas\u0131 planlanan projeleri tespit etmek i\u00e7in geldi\u011fini s\u00f6yledi.<\/p>\n<p>\u00c7eviri: S. \u015eahhut.<\/p>\n<p><iframe loading=\"lazy\" src=\"https:\/\/www.youtube.com\/embed\/LEx5PKaWqng\" width=\"620\" height=\"348\" frameborder=\"0\" allowfullscreen=\"allowfullscreen\"><\/iframe><\/p>\n<div id='gallery-1' class='gallery galleryid-190080 gallery-columns-1 gallery-size-full'><figure class='gallery-item'>\n\t\t\t<div class='gallery-icon landscape'>\n\t\t\t\t<a href='https:\/\/archive.sana.sy\/tr\/wp-content\/uploads\/2019\/09\/57.jpg'><img loading=\"lazy\" decoding=\"async\" width=\"3543\" height=\"1993\" src=\"https:\/\/archive.sana.sy\/tr\/wp-content\/uploads\/2019\/09\/57.jpg\" class=\"attachment-full size-full\" alt=\"\" srcset=\"https:\/\/archive.sana.sy\/tr\/wp-content\/uploads\/2019\/09\/57.jpg 3543w, https:\/\/archive.sana.sy\/tr\/wp-content\/uploads\/2019\/09\/57-150x84.jpg 150w, https:\/\/archive.sana.sy\/tr\/wp-content\/uploads\/2019\/09\/57-300x169.jpg 300w, https:\/\/archive.sana.sy\/tr\/wp-content\/uploads\/2019\/09\/57-768x432.jpg 768w, https:\/\/archive.sana.sy\/tr\/wp-content\/uploads\/2019\/09\/57-1024x576.jpg 1024w\" sizes=\"auto, (max-width: 3543px) 100vw, 3543px\" \/><\/a>\n\t\t\t<\/div><\/figure><figure class='gallery-item'>\n\t\t\t<div class='gallery-icon landscape'>\n\t\t\t\t<a href='https:\/\/archive.sana.sy\/tr\/wp-content\/uploads\/2019\/09\/58.jpg'><img loading=\"lazy\" decoding=\"async\" width=\"3543\" height=\"2041\" src=\"https:\/\/archive.sana.sy\/tr\/wp-content\/uploads\/2019\/09\/58.jpg\" class=\"attachment-full size-full\" alt=\"\" srcset=\"https:\/\/archive.sana.sy\/tr\/wp-content\/uploads\/2019\/09\/58.jpg 3543w, https:\/\/archive.sana.sy\/tr\/wp-content\/uploads\/2019\/09\/58-150x86.jpg 150w, https:\/\/archive.sana.sy\/tr\/wp-content\/uploads\/2019\/09\/58-300x173.jpg 300w, https:\/\/archive.sana.sy\/tr\/wp-content\/uploads\/2019\/09\/58-768x442.jpg 768w, https:\/\/archive.sana.sy\/tr\/wp-content\/uploads\/2019\/09\/58-1024x590.jpg 1024w\" sizes=\"auto, (max-width: 3543px) 100vw, 3543px\" \/><\/a>\n\t\t\t<\/div><\/figure><figure class='gallery-item'>\n\t\t\t<div class='gallery-icon landscape'>\n\t\t\t\t<a href='https:\/\/archive.sana.sy\/tr\/wp-content\/uploads\/2019\/09\/59.jpg'><img loading=\"lazy\" decoding=\"async\" width=\"3543\" height=\"2433\" src=\"https:\/\/archive.sana.sy\/tr\/wp-content\/uploads\/2019\/09\/59.jpg\" class=\"attachment-full size-full\" alt=\"\" srcset=\"https:\/\/archive.sana.sy\/tr\/wp-content\/uploads\/2019\/09\/59.jpg 3543w, https:\/\/archive.sana.sy\/tr\/wp-content\/uploads\/2019\/09\/59-150x103.jpg 150w, https:\/\/archive.sana.sy\/tr\/wp-content\/uploads\/2019\/09\/59-300x206.jpg 300w, https:\/\/archive.sana.sy\/tr\/wp-content\/uploads\/2019\/09\/59-768x527.jpg 768w, https:\/\/archive.sana.sy\/tr\/wp-content\/uploads\/2019\/09\/59-1024x703.jpg 1024w, https:\/\/archive.sana.sy\/tr\/wp-content\/uploads\/2019\/09\/59-110x75.jpg 110w\" sizes=\"auto, (max-width: 3543px) 100vw, 3543px\" \/><\/a>\n\t\t\t<\/div><\/figure><figure class='gallery-item'>\n\t\t\t<div class='gallery-icon landscape'>\n\t\t\t\t<a href='https:\/\/archive.sana.sy\/tr\/wp-content\/uploads\/2019\/09\/60.jpg'><img loading=\"lazy\" decoding=\"async\" width=\"3543\" height=\"1993\" src=\"https:\/\/archive.sana.sy\/tr\/wp-content\/uploads\/2019\/09\/60.jpg\" class=\"attachment-full size-full\" alt=\"\" srcset=\"https:\/\/archive.sana.sy\/tr\/wp-content\/uploads\/2019\/09\/60.jpg 3543w, https:\/\/archive.sana.sy\/tr\/wp-content\/uploads\/2019\/09\/60-150x84.jpg 150w, https:\/\/archive.sana.sy\/tr\/wp-content\/uploads\/2019\/09\/60-300x169.jpg 300w, https:\/\/archive.sana.sy\/tr\/wp-content\/uploads\/2019\/09\/60-768x432.jpg 768w, https:\/\/archive.sana.sy\/tr\/wp-content\/uploads\/2019\/09\/60-1024x576.jpg 1024w\" sizes=\"auto, (max-width: 3543px) 100vw, 3543px\" \/><\/a>\n\t\t\t<\/div><\/figure><figure class='gallery-item'>\n\t\t\t<div class='gallery-icon landscape'>\n\t\t\t\t<a href='https:\/\/archive.sana.sy\/tr\/wp-content\/uploads\/2019\/09\/61.jpg'><img loading=\"lazy\" decoding=\"async\" width=\"3543\" height=\"1993\" src=\"https:\/\/archive.sana.sy\/tr\/wp-content\/uploads\/2019\/09\/61.jpg\" class=\"attachment-full size-full\" alt=\"\" srcset=\"https:\/\/archive.sana.sy\/tr\/wp-content\/uploads\/2019\/09\/61.jpg 3543w, https:\/\/archive.sana.sy\/tr\/wp-content\/uploads\/2019\/09\/61-150x84.jpg 150w, https:\/\/archive.sana.sy\/tr\/wp-content\/uploads\/2019\/09\/61-300x169.jpg 300w, https:\/\/archive.sana.sy\/tr\/wp-content\/uploads\/2019\/09\/61-768x432.jpg 768w, https:\/\/archive.sana.sy\/tr\/wp-content\/uploads\/2019\/09\/61-1024x576.jpg 1024w\" sizes=\"auto, (max-width: 3543px) 100vw, 3543px\" \/><\/a>\n\t\t\t<\/div><\/figure>\n\t\t<\/div>\n\n<p style=\"text-align: justify;\">\n","protected":false},"excerpt":{"rendered":"<p>RAKKA \u2013 DEYREZZOR &#8211; Cumhurba\u015fkan\u0131 Be\u015f\u015far Esad&#8217;\u0131n y\u00f6nlendirmeleriyle, bir h\u00fck\u00fcmet heyeti, i\u00e7indeki hizmetlerin ger\u00e7ekli\u011fini g\u00f6rmek ve Suriye Arap Ordusu&#8217;nun ter\u00f6rizmden kurtard\u0131\u011f\u0131 alanlar\u0131n altyap\u0131s\u0131n\u0131 rehabilite etmek i\u00e7in kurtar\u0131lm\u0131\u015f k\u0131rsal b\u00f6lgeyi ziyaret etti. Al-Buhamad 66\/20 d\u00f6n\u00fc\u015f\u00fcm istasyonu 3 milyar lira bedel kar\u015f\u0131l\u0131\u011f\u0131nda yeniden onar\u0131lmas\u0131 ard\u0131ndan hizmete ge\u00e7irildi. Su Kaynaklar\u0131 Bakan\u0131 H\u00fcseyin Arnus, Yerel \u0130dare ve \u00c7evre Bakan\u0131 &hellip;<\/p>\n","protected":false},"author":1,"featured_media":190081,"comment_status":"closed","ping_status":"closed","sticky":false,"template":"","format":"standard","meta":{"footnotes":""},"categories":[596,479,17988,478],"tags":[],"class_list":["post-190080","post","type-post","status-publish","format-standard","has-post-thumbnail","","category-fotografli-raporlar","category-haberler-yerel","category-son-haberler","category-yerel"],"_links":{"self":[{"href":"https:\/\/archive.sana.sy\/tr\/index.php?rest_route=\/wp\/v2\/posts\/190080","targetHints":{"allow":["GET"]}}],"collection":[{"href":"https:\/\/archive.sana.sy\/tr\/index.php?rest_route=\/wp\/v2\/posts"}],"about":[{"href":"https:\/\/archive.sana.sy\/tr\/index.php?rest_route=\/wp\/v2\/types\/post"}],"author":[{"embeddable":true,"href":"https:\/\/archive.sana.sy\/tr\/index.php?rest_route=\/wp\/v2\/users\/1"}],"replies":[{"embeddable":true,"href":"https:\/\/archive.sana.sy\/tr\/index.php?rest_route=%2Fwp%2Fv2%2Fcomments&post=190080"}],"version-history":[{"count":0,"href":"https:\/\/archive.sana.sy\/tr\/index.php?rest_route=\/wp\/v2\/posts\/190080\/revisions"}],"wp:featuredmedia":[{"embeddable":true,"href":"https:\/\/archive.sana.sy\/tr\/index.php?rest_route=\/wp\/v2\/media\/190081"}],"wp:attachment":[{"href":"https:\/\/archive.sana.sy\/tr\/index.php?rest_route=%2Fwp%2Fv2%2Fmedia&parent=190080"}],"wp:term":[{"taxonomy":"category","embeddable":true,"href":"https:\/\/archive.sana.sy\/tr\/index.php?rest_route=%2Fwp%2Fv2%2Fcategories&post=190080"},{"taxonomy":"post_tag","embeddable":true,"href":"https:\/\/archive.sana.sy\/tr\/index.php?rest_route=%2Fwp%2Fv2%2Ftags&post=190080"}],"curies":[{"name":"wp","href":"https:\/\/api.w.org\/{rel}","templated":true}]}}