{"id":190094,"date":"2019-09-03T20:25:33","date_gmt":"2019-09-03T17:25:33","guid":{"rendered":"http:\/\/sana.sy\/tr\/?p=190094"},"modified":"2019-09-04T13:59:56","modified_gmt":"2019-09-04T10:59:56","slug":"zarif-pedersona-suriyedeki-krizin-cozumu-siyasidir","status":"publish","type":"post","link":"https:\/\/archive.sana.sy\/tr\/?p=190094","title":{"rendered":"Zarif Pederson&#8217;a: Suriye&#8217;deki Krizin \u00c7\u00f6z\u00fcm\u00fc Siyasidir"},"content":{"rendered":"<p style=\"text-align: justify;\">TAHRAN &#8211; \u0130ran D\u0131\u015fi\u015fleri Bakan\u0131 Muhammed Cevat Zarif, \u00fclkesinin Suriye&#8217;deki krize siyasi bir \u00e7\u00f6z\u00fcm \u00e7a\u011fr\u0131s\u0131 yapan tutumunu yineledi.<\/p>\n<p style=\"text-align: justify;\">BM Genel Sekreteri&#8217;nin Suriye \u00d6zel Temsilcisi Ger Pederson ile yapt\u0131\u011f\u0131 g\u00f6r\u00fc\u015fmede Zarif, \u00fclkesinin Suriye ile BM aras\u0131ndaki ileti\u015fimin olumlu y\u00f6nde farkl\u0131 y\u00f6nlerden devam etmesine verdi\u011fi deste\u011fi dile getirdi.<\/p>\n<p style=\"text-align: justify;\">Zarif, g\u00f6r\u00fc\u015fmenin Suriye&#8217;deki siyasi geli\u015fmeleri ele ald\u0131\u011f\u0131n\u0131 ve anayasay\u0131 tart\u0131\u015fma komitesinin kurulmas\u0131 \u00e7abalar\u0131n\u0131n g\u00f6r\u00fc\u015f\u00fcld\u00fc\u011f\u00fcne i\u015faret etti.<\/p>\n<p>\u00c7eviri: S. \u015eahhut.<\/p>\n","protected":false},"excerpt":{"rendered":"<p>TAHRAN &#8211; \u0130ran D\u0131\u015fi\u015fleri Bakan\u0131 Muhammed Cevat Zarif, \u00fclkesinin Suriye&#8217;deki krize siyasi bir \u00e7\u00f6z\u00fcm \u00e7a\u011fr\u0131s\u0131 yapan tutumunu yineledi. BM Genel Sekreteri&#8217;nin Suriye \u00d6zel Temsilcisi Ger Pederson ile yapt\u0131\u011f\u0131 g\u00f6r\u00fc\u015fmede Zarif, \u00fclkesinin Suriye ile BM aras\u0131ndaki ileti\u015fimin olumlu y\u00f6nde farkl\u0131 y\u00f6nlerden devam etmesine verdi\u011fi deste\u011fi dile getirdi. Zarif, g\u00f6r\u00fc\u015fmenin Suriye&#8217;deki siyasi geli\u015fmeleri ele ald\u0131\u011f\u0131n\u0131 ve anayasay\u0131 &hellip;<\/p>\n","protected":false},"author":1,"featured_media":190095,"comment_status":"closed","ping_status":"closed","sticky":false,"template":"","format":"standard","meta":{"footnotes":""},"categories":[458,459,17988],"tags":[],"class_list":["post-190094","post","type-post","status-publish","format-standard","has-post-thumbnail","","category-dunya1","category-haberler-arap-uluslararasi-politika","category-son-haberler"],"_links":{"self":[{"href":"https:\/\/archive.sana.sy\/tr\/index.php?rest_route=\/wp\/v2\/posts\/190094","targetHints":{"allow":["GET"]}}],"collection":[{"href":"https:\/\/archive.sana.sy\/tr\/index.php?rest_route=\/wp\/v2\/posts"}],"about":[{"href":"https:\/\/archive.sana.sy\/tr\/index.php?rest_route=\/wp\/v2\/types\/post"}],"author":[{"embeddable":true,"href":"https:\/\/archive.sana.sy\/tr\/index.php?rest_route=\/wp\/v2\/users\/1"}],"replies":[{"embeddable":true,"href":"https:\/\/archive.sana.sy\/tr\/index.php?rest_route=%2Fwp%2Fv2%2Fcomments&post=190094"}],"version-history":[{"count":0,"href":"https:\/\/archive.sana.sy\/tr\/index.php?rest_route=\/wp\/v2\/posts\/190094\/revisions"}],"wp:featuredmedia":[{"embeddable":true,"href":"https:\/\/archive.sana.sy\/tr\/index.php?rest_route=\/wp\/v2\/media\/190095"}],"wp:attachment":[{"href":"https:\/\/archive.sana.sy\/tr\/index.php?rest_route=%2Fwp%2Fv2%2Fmedia&parent=190094"}],"wp:term":[{"taxonomy":"category","embeddable":true,"href":"https:\/\/archive.sana.sy\/tr\/index.php?rest_route=%2Fwp%2Fv2%2Fcategories&post=190094"},{"taxonomy":"post_tag","embeddable":true,"href":"https:\/\/archive.sana.sy\/tr\/index.php?rest_route=%2Fwp%2Fv2%2Ftags&post=190094"}],"curies":[{"name":"wp","href":"https:\/\/api.w.org\/{rel}","templated":true}]}}