{"id":190123,"date":"2019-09-04T12:45:23","date_gmt":"2019-09-04T09:45:23","guid":{"rendered":"http:\/\/www.sana.sy\/tr\/?p=190123"},"modified":"2019-09-07T14:01:51","modified_gmt":"2019-09-07T11:01:51","slug":"kilicdaroglu-teroristlerin-girmeleri-kolaylastirdigi-icin-erdogan-suriye-durumundan-sorumludur","status":"publish","type":"post","link":"https:\/\/archive.sana.sy\/tr\/?p=190123","title":{"rendered":"K\u0131l\u0131\u00e7daro\u011flu: Ter\u00f6ristlerin Girmelerini Kolayla\u015ft\u0131rd\u0131\u011f\u0131 \u0130\u00e7in Erdo\u011fan Suriye Durumundan Sorumludur"},"content":{"rendered":"<p>ANKARA \u2013\u00a0 Cumhuriyet Halk Partisi Ba\u015fkan\u0131 Kemal K\u0131l\u0131\u00e7daro\u011flu, Suriye\u2019deki durum ve tehcir edilenlerin ya\u015fad\u0131klar\u0131 ac\u0131lar\u0131ndan T\u00fcrkiye Rejimi Ba\u015fkan\u0131 Recep Tayip Erdo\u011fan\u2019\u0131n sorumlu oldu\u011funu belirtti.<\/p>\n<p>Sivas\u2019ta bug\u00fcn yapt\u0131\u011f\u0131 konu\u015fmada K\u0131l\u0131\u00e7daro\u011flu; Suriye\u2019deki ter\u00f6ristlere silah g\u00f6nderdi\u011fi ve T\u00fcrkiye &#8211; Suriye ile s\u0131n\u0131r\u0131 onlara hizmete a\u00e7t\u0131\u011f\u0131 nedeniyle Erdo\u011fan\u2019\u0131n sorumlu oldu\u011funu ifade etti.<\/p>\n<p>K\u0131l\u0131\u00e7daro\u011flu; T\u00fcrkiye&#8217;nin d\u0131\u015f politikas\u0131n\u0131 de\u011fi\u015ftirmenin ve herkesle, \u00f6zellikle kom\u015fu \u00fclkelerle bar\u0131\u015f ve i\u015fbirli\u011fi ili\u015fkileri kurman\u0131n gere\u011fini vurgularken, Erdo\u011fan\u2019\u0131n uygulad\u0131\u011f\u0131 otoriter politikas\u0131n\u0131n ve devlet kurumlar\u0131n\u0131 \u00f6zellikle yarg\u0131y\u0131 kontrol etmeye \u00e7al\u0131\u015fmas\u0131 T\u00fcrkiye\u2019nin i\u00e7 sorunlar\u0131n\u0131n sebebi oldu\u011funa dikkat \u00e7ekti.<\/p>\n<p>\u00c7eviri: P.M.<\/p>\n","protected":false},"excerpt":{"rendered":"<p>ANKARA \u2013\u00a0 Cumhuriyet Halk Partisi Ba\u015fkan\u0131 Kemal K\u0131l\u0131\u00e7daro\u011flu, Suriye\u2019deki durum ve tehcir edilenlerin ya\u015fad\u0131klar\u0131 ac\u0131lar\u0131ndan T\u00fcrkiye Rejimi Ba\u015fkan\u0131 Recep Tayip Erdo\u011fan\u2019\u0131n sorumlu oldu\u011funu belirtti. Sivas\u2019ta bug\u00fcn yapt\u0131\u011f\u0131 konu\u015fmada K\u0131l\u0131\u00e7daro\u011flu; Suriye\u2019deki ter\u00f6ristlere silah g\u00f6nderdi\u011fi ve T\u00fcrkiye &#8211; Suriye ile s\u0131n\u0131r\u0131 onlara hizmete a\u00e7t\u0131\u011f\u0131 nedeniyle Erdo\u011fan\u2019\u0131n sorumlu oldu\u011funu ifade etti. K\u0131l\u0131\u00e7daro\u011flu; T\u00fcrkiye&#8217;nin d\u0131\u015f politikas\u0131n\u0131 de\u011fi\u015ftirmenin ve herkesle, &hellip;<\/p>\n","protected":false},"author":1,"featured_media":190124,"comment_status":"closed","ping_status":"closed","sticky":false,"template":"","format":"standard","meta":{"footnotes":""},"categories":[17988,2554,2555],"tags":[],"class_list":["post-190123","post","type-post","status-publish","format-standard","has-post-thumbnail","","category-son-haberler","category-suriye-ve-dunya","category-suriye-ve-turkiye"],"_links":{"self":[{"href":"https:\/\/archive.sana.sy\/tr\/index.php?rest_route=\/wp\/v2\/posts\/190123","targetHints":{"allow":["GET"]}}],"collection":[{"href":"https:\/\/archive.sana.sy\/tr\/index.php?rest_route=\/wp\/v2\/posts"}],"about":[{"href":"https:\/\/archive.sana.sy\/tr\/index.php?rest_route=\/wp\/v2\/types\/post"}],"author":[{"embeddable":true,"href":"https:\/\/archive.sana.sy\/tr\/index.php?rest_route=\/wp\/v2\/users\/1"}],"replies":[{"embeddable":true,"href":"https:\/\/archive.sana.sy\/tr\/index.php?rest_route=%2Fwp%2Fv2%2Fcomments&post=190123"}],"version-history":[{"count":0,"href":"https:\/\/archive.sana.sy\/tr\/index.php?rest_route=\/wp\/v2\/posts\/190123\/revisions"}],"wp:featuredmedia":[{"embeddable":true,"href":"https:\/\/archive.sana.sy\/tr\/index.php?rest_route=\/wp\/v2\/media\/190124"}],"wp:attachment":[{"href":"https:\/\/archive.sana.sy\/tr\/index.php?rest_route=%2Fwp%2Fv2%2Fmedia&parent=190123"}],"wp:term":[{"taxonomy":"category","embeddable":true,"href":"https:\/\/archive.sana.sy\/tr\/index.php?rest_route=%2Fwp%2Fv2%2Fcategories&post=190123"},{"taxonomy":"post_tag","embeddable":true,"href":"https:\/\/archive.sana.sy\/tr\/index.php?rest_route=%2Fwp%2Fv2%2Ftags&post=190123"}],"curies":[{"name":"wp","href":"https:\/\/api.w.org\/{rel}","templated":true}]}}