{"id":190126,"date":"2019-09-04T14:15:31","date_gmt":"2019-09-04T11:15:31","guid":{"rendered":"http:\/\/www.sana.sy\/tr\/?p=190126"},"modified":"2019-09-07T14:00:05","modified_gmt":"2019-09-07T11:00:05","slug":"teror-patlamasinda-4-asker-yarali-dustu","status":"publish","type":"post","link":"https:\/\/archive.sana.sy\/tr\/?p=190126","title":{"rendered":"Ter\u00f6r Patlamas\u0131nda 4 Asker Yaral\u0131 D\u00fc\u015ft\u00fc"},"content":{"rendered":"<p>DERA \u2013 Dera k\u0131rsal\u0131 bat\u0131s\u0131nda yer alan Zeyzun B\u00f6lgesinde ter\u00f6ristler taraf\u0131ndan yerle\u015ftirilen bir bomban\u0131n patlamas\u0131nda 4 asker yaral\u0131 d\u00fc\u015ft\u00fc.<\/p>\n<p>SANA\u2019n\u0131n Dera muhabiri; Dera k\u0131rsal\u0131n\u0131n bat\u0131s\u0131nda yer alan Zeyzun B\u00f6lgesinde bug\u00fcn sabah bir bomban\u0131n patlamas\u0131nda 4 askerin yaral\u0131 d\u00fc\u015ft\u00fc\u011f\u00fcn\u00fc belirtti.<\/p>\n<p>Muhabir; yaralanan askerlerin hastaneye kald\u0131r\u0131ld\u0131klar\u0131n\u0131 ve gerekli t\u0131bbi m\u00fcdahalenin yap\u0131ld\u0131\u011f\u0131n\u0131 aktard\u0131.<\/p>\n<p>\u00c7eviri: P.M.<\/p>\n","protected":false},"excerpt":{"rendered":"<p>DERA \u2013 Dera k\u0131rsal\u0131 bat\u0131s\u0131nda yer alan Zeyzun B\u00f6lgesinde ter\u00f6ristler taraf\u0131ndan yerle\u015ftirilen bir bomban\u0131n patlamas\u0131nda 4 asker yaral\u0131 d\u00fc\u015ft\u00fc. SANA\u2019n\u0131n Dera muhabiri; Dera k\u0131rsal\u0131n\u0131n bat\u0131s\u0131nda yer alan Zeyzun B\u00f6lgesinde bug\u00fcn sabah bir bomban\u0131n patlamas\u0131nda 4 askerin yaral\u0131 d\u00fc\u015ft\u00fc\u011f\u00fcn\u00fc belirtti. Muhabir; yaralanan askerlerin hastaneye kald\u0131r\u0131ld\u0131klar\u0131n\u0131 ve gerekli t\u0131bbi m\u00fcdahalenin yap\u0131ld\u0131\u011f\u0131n\u0131 aktard\u0131. \u00c7eviri: P.M.<\/p>\n","protected":false},"author":1,"featured_media":104236,"comment_status":"closed","ping_status":"closed","sticky":false,"template":"","format":"standard","meta":{"footnotes":""},"categories":[479,575,17988,478],"tags":[],"class_list":["post-190126","post","type-post","status-publish","format-standard","has-post-thumbnail","","category-haberler-yerel","category-olaylar-ve-gercekler","category-son-haberler","category-yerel"],"_links":{"self":[{"href":"https:\/\/archive.sana.sy\/tr\/index.php?rest_route=\/wp\/v2\/posts\/190126","targetHints":{"allow":["GET"]}}],"collection":[{"href":"https:\/\/archive.sana.sy\/tr\/index.php?rest_route=\/wp\/v2\/posts"}],"about":[{"href":"https:\/\/archive.sana.sy\/tr\/index.php?rest_route=\/wp\/v2\/types\/post"}],"author":[{"embeddable":true,"href":"https:\/\/archive.sana.sy\/tr\/index.php?rest_route=\/wp\/v2\/users\/1"}],"replies":[{"embeddable":true,"href":"https:\/\/archive.sana.sy\/tr\/index.php?rest_route=%2Fwp%2Fv2%2Fcomments&post=190126"}],"version-history":[{"count":0,"href":"https:\/\/archive.sana.sy\/tr\/index.php?rest_route=\/wp\/v2\/posts\/190126\/revisions"}],"wp:featuredmedia":[{"embeddable":true,"href":"https:\/\/archive.sana.sy\/tr\/index.php?rest_route=\/wp\/v2\/media\/104236"}],"wp:attachment":[{"href":"https:\/\/archive.sana.sy\/tr\/index.php?rest_route=%2Fwp%2Fv2%2Fmedia&parent=190126"}],"wp:term":[{"taxonomy":"category","embeddable":true,"href":"https:\/\/archive.sana.sy\/tr\/index.php?rest_route=%2Fwp%2Fv2%2Fcategories&post=190126"},{"taxonomy":"post_tag","embeddable":true,"href":"https:\/\/archive.sana.sy\/tr\/index.php?rest_route=%2Fwp%2Fv2%2Ftags&post=190126"}],"curies":[{"name":"wp","href":"https:\/\/api.w.org\/{rel}","templated":true}]}}