{"id":190129,"date":"2019-09-04T12:25:41","date_gmt":"2019-09-04T09:25:41","guid":{"rendered":"http:\/\/www.sana.sy\/tr\/?p=190129"},"modified":"2019-09-04T14:36:28","modified_gmt":"2019-09-04T11:36:28","slug":"uluslararasi-sam-fuarini-ziyaret-eden-venezuellada-yasayan-150-gurbetci-suriyeliler-fuar-hakkinda-suriyenin-uygarligini-yansitiyor","status":"publish","type":"post","link":"https:\/\/archive.sana.sy\/tr\/?p=190129","title":{"rendered":"Uluslararas\u0131 \u015eam Fuar\u0131n\u0131 ziyaret eden Venez\u00fcella\u2019da ya\u015fayan 150 gurbet\u00e7i Suriyeliler fuar hakk\u0131nda: \u201cSuriye\u2019nin Uygarl\u0131\u011f\u0131n\u0131 Yans\u0131t\u0131yor!\u201d"},"content":{"rendered":"<p>Uluslararas\u0131 \u015eam Fuar\u0131n\u0131 ziyaret eden Venez\u00fcella\u2019da ya\u015fayan 150 gurbet\u00e7i Suriyeliler fuar hakk\u0131nda: \u201cSuriye\u2019nin Uygarl\u0131\u011f\u0131n\u0131 Yans\u0131t\u0131yor!\u201d<br \/>\n<iframe loading=\"lazy\" src=\"https:\/\/www.youtube.com\/embed\/9A9xEHDYHaA\" width=\"620\" height=\"348\" frameborder=\"0\" allowfullscreen=\"allowfullscreen\"><\/iframe><\/p>\n","protected":false},"excerpt":{"rendered":"<p>Uluslararas\u0131 \u015eam Fuar\u0131n\u0131 ziyaret eden Venez\u00fcella\u2019da ya\u015fayan 150 gurbet\u00e7i Suriyeliler fuar hakk\u0131nda: \u201cSuriye\u2019nin Uygarl\u0131\u011f\u0131n\u0131 Yans\u0131t\u0131yor!\u201d<\/p>\n","protected":false},"author":1,"featured_media":190130,"comment_status":"closed","ping_status":"closed","sticky":false,"template":"","format":"standard","meta":{"footnotes":""},"categories":[38173,18295],"tags":[],"class_list":["post-190129","post","type-post","status-publish","format-standard","has-post-thumbnail","","category-61-uluslararasi-sam-fuari","category-sana-video"],"_links":{"self":[{"href":"https:\/\/archive.sana.sy\/tr\/index.php?rest_route=\/wp\/v2\/posts\/190129","targetHints":{"allow":["GET"]}}],"collection":[{"href":"https:\/\/archive.sana.sy\/tr\/index.php?rest_route=\/wp\/v2\/posts"}],"about":[{"href":"https:\/\/archive.sana.sy\/tr\/index.php?rest_route=\/wp\/v2\/types\/post"}],"author":[{"embeddable":true,"href":"https:\/\/archive.sana.sy\/tr\/index.php?rest_route=\/wp\/v2\/users\/1"}],"replies":[{"embeddable":true,"href":"https:\/\/archive.sana.sy\/tr\/index.php?rest_route=%2Fwp%2Fv2%2Fcomments&post=190129"}],"version-history":[{"count":0,"href":"https:\/\/archive.sana.sy\/tr\/index.php?rest_route=\/wp\/v2\/posts\/190129\/revisions"}],"wp:featuredmedia":[{"embeddable":true,"href":"https:\/\/archive.sana.sy\/tr\/index.php?rest_route=\/wp\/v2\/media\/190130"}],"wp:attachment":[{"href":"https:\/\/archive.sana.sy\/tr\/index.php?rest_route=%2Fwp%2Fv2%2Fmedia&parent=190129"}],"wp:term":[{"taxonomy":"category","embeddable":true,"href":"https:\/\/archive.sana.sy\/tr\/index.php?rest_route=%2Fwp%2Fv2%2Fcategories&post=190129"},{"taxonomy":"post_tag","embeddable":true,"href":"https:\/\/archive.sana.sy\/tr\/index.php?rest_route=%2Fwp%2Fv2%2Ftags&post=190129"}],"curies":[{"name":"wp","href":"https:\/\/api.w.org\/{rel}","templated":true}]}}