{"id":190176,"date":"2019-09-04T12:55:33","date_gmt":"2019-09-04T09:55:33","guid":{"rendered":"http:\/\/www.sana.sy\/tr\/?p=190176"},"modified":"2019-09-07T14:01:54","modified_gmt":"2019-09-07T11:01:54","slug":"ortak-eleme-turuna-yarin-basliyor","status":"publish","type":"post","link":"https:\/\/archive.sana.sy\/tr\/?p=190176","title":{"rendered":"Ortak Eleme Turuna Yar\u0131n Ba\u015fl\u0131yor"},"content":{"rendered":"<p>MAN\u0130LA \u2013 Suriye futbol tak\u0131m\u0131 2022 d\u00fcnya kupas\u0131 ve 2023 Asya Kupas\u0131 ortak elemeleri turuna yar\u0131n ba\u015fl\u0131yor.<\/p>\n<p>Suriye tak\u0131m\u0131 ortak elemelerde ilk ma\u00e7\u0131n\u0131 Filipin\u2019in Bacolod \u015eehrindeki 10.000 ki\u015filik Panad Stad\u0131nda Filipin tak\u0131m\u0131 ile oynayacak.<\/p>\n<p>Futbol tak\u0131m\u0131m\u0131z s\u00f6z konusu ortak elemelere haz\u0131rl\u0131k olarak yurti\u00e7i ve yurtd\u0131\u015f\u0131nda bir dizi idman kamp\u0131na girmekle birlikte bir\u00e7ok \u00fclke tak\u0131m\u0131 ile dostluk ma\u00e7lar\u0131 oynam\u0131\u015ft\u0131.<\/p>\n<div id='gallery-1' class='gallery galleryid-190176 gallery-columns-4 gallery-size-full'><figure class='gallery-item'>\n\t\t\t<div class='gallery-icon landscape'>\n\t\t\t\t<a href='https:\/\/archive.sana.sy\/tr\/wp-content\/uploads\/2019\/09\/2-41.jpg'><img loading=\"lazy\" decoding=\"async\" width=\"660\" height=\"425\" src=\"https:\/\/archive.sana.sy\/tr\/wp-content\/uploads\/2019\/09\/2-41.jpg\" class=\"attachment-full size-full\" alt=\"\" srcset=\"https:\/\/archive.sana.sy\/tr\/wp-content\/uploads\/2019\/09\/2-41.jpg 660w, https:\/\/archive.sana.sy\/tr\/wp-content\/uploads\/2019\/09\/2-41-150x97.jpg 150w, https:\/\/archive.sana.sy\/tr\/wp-content\/uploads\/2019\/09\/2-41-300x193.jpg 300w\" sizes=\"auto, (max-width: 660px) 100vw, 660px\" \/><\/a>\n\t\t\t<\/div><\/figure><figure class='gallery-item'>\n\t\t\t<div class='gallery-icon portrait'>\n\t\t\t\t<a href='https:\/\/archive.sana.sy\/tr\/wp-content\/uploads\/2019\/09\/3-38.jpg'><img loading=\"lazy\" decoding=\"async\" width=\"660\" height=\"971\" src=\"https:\/\/archive.sana.sy\/tr\/wp-content\/uploads\/2019\/09\/3-38.jpg\" class=\"attachment-full size-full\" alt=\"\" srcset=\"https:\/\/archive.sana.sy\/tr\/wp-content\/uploads\/2019\/09\/3-38.jpg 660w, https:\/\/archive.sana.sy\/tr\/wp-content\/uploads\/2019\/09\/3-38-102x150.jpg 102w, https:\/\/archive.sana.sy\/tr\/wp-content\/uploads\/2019\/09\/3-38-204x300.jpg 204w\" sizes=\"auto, (max-width: 660px) 100vw, 660px\" \/><\/a>\n\t\t\t<\/div><\/figure><figure class='gallery-item'>\n\t\t\t<div class='gallery-icon portrait'>\n\t\t\t\t<a href='https:\/\/archive.sana.sy\/tr\/wp-content\/uploads\/2019\/09\/4-33.jpg'><img loading=\"lazy\" decoding=\"async\" width=\"660\" height=\"967\" src=\"https:\/\/archive.sana.sy\/tr\/wp-content\/uploads\/2019\/09\/4-33.jpg\" class=\"attachment-full size-full\" alt=\"\" srcset=\"https:\/\/archive.sana.sy\/tr\/wp-content\/uploads\/2019\/09\/4-33.jpg 660w, https:\/\/archive.sana.sy\/tr\/wp-content\/uploads\/2019\/09\/4-33-102x150.jpg 102w, https:\/\/archive.sana.sy\/tr\/wp-content\/uploads\/2019\/09\/4-33-205x300.jpg 205w\" sizes=\"auto, (max-width: 660px) 100vw, 660px\" \/><\/a>\n\t\t\t<\/div><\/figure><figure class='gallery-item'>\n\t\t\t<div class='gallery-icon portrait'>\n\t\t\t\t<a href='https:\/\/archive.sana.sy\/tr\/wp-content\/uploads\/2019\/09\/5-33.jpg'><img loading=\"lazy\" decoding=\"async\" width=\"660\" height=\"887\" src=\"https:\/\/archive.sana.sy\/tr\/wp-content\/uploads\/2019\/09\/5-33.jpg\" class=\"attachment-full size-full\" alt=\"\" srcset=\"https:\/\/archive.sana.sy\/tr\/wp-content\/uploads\/2019\/09\/5-33.jpg 660w, https:\/\/archive.sana.sy\/tr\/wp-content\/uploads\/2019\/09\/5-33-112x150.jpg 112w, https:\/\/archive.sana.sy\/tr\/wp-content\/uploads\/2019\/09\/5-33-223x300.jpg 223w\" sizes=\"auto, (max-width: 660px) 100vw, 660px\" \/><\/a>\n\t\t\t<\/div><\/figure>\n\t\t<\/div>\n\n","protected":false},"excerpt":{"rendered":"<p>MAN\u0130LA \u2013 Suriye futbol tak\u0131m\u0131 2022 d\u00fcnya kupas\u0131 ve 2023 Asya Kupas\u0131 ortak elemeleri turuna yar\u0131n ba\u015fl\u0131yor. Suriye tak\u0131m\u0131 ortak elemelerde ilk ma\u00e7\u0131n\u0131 Filipin\u2019in Bacolod \u015eehrindeki 10.000 ki\u015filik Panad Stad\u0131nda Filipin tak\u0131m\u0131 ile oynayacak. Futbol tak\u0131m\u0131m\u0131z s\u00f6z konusu ortak elemelere haz\u0131rl\u0131k olarak yurti\u00e7i ve yurtd\u0131\u015f\u0131nda bir dizi idman kamp\u0131na girmekle birlikte bir\u00e7ok \u00fclke tak\u0131m\u0131 ile &hellip;<\/p>\n","protected":false},"author":1,"featured_media":190177,"comment_status":"closed","ping_status":"closed","sticky":false,"template":"","format":"standard","meta":{"footnotes":""},"categories":[498,596,17988,496],"tags":[],"class_list":["post-190176","post","type-post","status-publish","format-standard","has-post-thumbnail","","category-dunya-turnuvalari","category-fotografli-raporlar","category-son-haberler","category-spor"],"_links":{"self":[{"href":"https:\/\/archive.sana.sy\/tr\/index.php?rest_route=\/wp\/v2\/posts\/190176","targetHints":{"allow":["GET"]}}],"collection":[{"href":"https:\/\/archive.sana.sy\/tr\/index.php?rest_route=\/wp\/v2\/posts"}],"about":[{"href":"https:\/\/archive.sana.sy\/tr\/index.php?rest_route=\/wp\/v2\/types\/post"}],"author":[{"embeddable":true,"href":"https:\/\/archive.sana.sy\/tr\/index.php?rest_route=\/wp\/v2\/users\/1"}],"replies":[{"embeddable":true,"href":"https:\/\/archive.sana.sy\/tr\/index.php?rest_route=%2Fwp%2Fv2%2Fcomments&post=190176"}],"version-history":[{"count":0,"href":"https:\/\/archive.sana.sy\/tr\/index.php?rest_route=\/wp\/v2\/posts\/190176\/revisions"}],"wp:featuredmedia":[{"embeddable":true,"href":"https:\/\/archive.sana.sy\/tr\/index.php?rest_route=\/wp\/v2\/media\/190177"}],"wp:attachment":[{"href":"https:\/\/archive.sana.sy\/tr\/index.php?rest_route=%2Fwp%2Fv2%2Fmedia&parent=190176"}],"wp:term":[{"taxonomy":"category","embeddable":true,"href":"https:\/\/archive.sana.sy\/tr\/index.php?rest_route=%2Fwp%2Fv2%2Fcategories&post=190176"},{"taxonomy":"post_tag","embeddable":true,"href":"https:\/\/archive.sana.sy\/tr\/index.php?rest_route=%2Fwp%2Fv2%2Ftags&post=190176"}],"curies":[{"name":"wp","href":"https:\/\/api.w.org\/{rel}","templated":true}]}}