{"id":190193,"date":"2019-09-04T14:10:56","date_gmt":"2019-09-04T11:10:56","guid":{"rendered":"http:\/\/www.sana.sy\/tr\/?p=190193"},"modified":"2019-09-07T14:02:03","modified_gmt":"2019-09-07T11:02:03","slug":"teroristlerin-yagmaladiklari-fabrika-guclu-bir-sekilde-geri-donuyor","status":"publish","type":"post","link":"https:\/\/archive.sana.sy\/tr\/?p=190193","title":{"rendered":"Ter\u00f6ristlerin Ya\u011fmalad\u0131klar\u0131 Fabrika G\u00fc\u00e7l\u00fc Bir \u015eekilde Geri D\u00f6n\u00fcyor"},"content":{"rendered":"<p>\u015eAM \u2013 D\u0131\u015f g\u00fc\u00e7lere tabi ter\u00f6ristlerin ordu taraf\u0131ndan yok edilmeden \u00f6nce \u015eam k\u0131rsal\u0131 Mleyha Beldesinde ya\u011fmalay\u0131p sabote ettikleri Tamiko Medikal \u015eirketi g\u00fc\u00e7l\u00fc ve iddial\u0131 bir \u015fekilde yeniden \u00fcretime ba\u015fl\u0131yor.<\/p>\n<p>\u015eirket Genel M\u00fcd\u00fcr\u00fc Fida Ali say\u0131n ba\u015fbakan\u0131n \u015firketi ziyaret edip incelemelerde bulunmas\u0131 ard\u0131ndan bir k\u0131s\u0131m y\u00f6nlendirmelerde bulunmas\u0131 ard\u0131ndan \u015firkete tabi fabrikalarda t\u00fcm \u00fcretim hatlar\u0131 ve laboratuvarlar\u0131n g\u00f6zden ge\u00e7irilip onar\u0131ld\u0131\u011f\u0131n\u0131 belirtti.<\/p>\n<p>Ali ayn\u0131 zamanda piyasan\u0131n ihtiya\u00e7 duydu\u011fu nitelikli ila\u00e7lar\u0131n \u00fcretimi i\u00e7in de yeni alt\u0131 fabrikan\u0131n kurulmas\u0131 y\u00f6n\u00fcnde gerekli ara\u015ft\u0131rma ve fizibilite raporunun haz\u0131rlanmakta oldu\u011funa dikkat \u00e7ekti.<\/p>\n<p>Ba\u015fbakan\u0131n y\u00f6nlendirmeleri do\u011frultusunda \u00fcretim te\u015fvik ve deste\u011fi i\u00e7in bir dizi icraatlar\u0131n al\u0131nd\u0131\u011f\u0131n\u0131 ifade eden Ali; i\u015f\u00e7ilere de bir dizi te\u015fvik edici destek icraatlar\u0131 kararla\u015ft\u0131r\u0131ld\u0131\u011f\u0131n\u0131 ifade etti. Ali bu icraatlar\u0131n hayata ge\u00e7irilmesi i\u00e7in Maliye Bakanl\u0131\u011f\u0131ndan gerekli izin ve onaylar\u0131n da al\u0131nd\u0131\u011f\u0131n\u0131 kaydetti.<\/p>\n","protected":false},"excerpt":{"rendered":"<p>\u015eAM \u2013 D\u0131\u015f g\u00fc\u00e7lere tabi ter\u00f6ristlerin ordu taraf\u0131ndan yok edilmeden \u00f6nce \u015eam k\u0131rsal\u0131 Mleyha Beldesinde ya\u011fmalay\u0131p sabote ettikleri Tamiko Medikal \u015eirketi g\u00fc\u00e7l\u00fc ve iddial\u0131 bir \u015fekilde yeniden \u00fcretime ba\u015fl\u0131yor. \u015eirket Genel M\u00fcd\u00fcr\u00fc Fida Ali say\u0131n ba\u015fbakan\u0131n \u015firketi ziyaret edip incelemelerde bulunmas\u0131 ard\u0131ndan bir k\u0131s\u0131m y\u00f6nlendirmelerde bulunmas\u0131 ard\u0131ndan \u015firkete tabi fabrikalarda t\u00fcm \u00fcretim hatlar\u0131 ve laboratuvarlar\u0131n &hellip;<\/p>\n","protected":false},"author":1,"featured_media":190194,"comment_status":"closed","ping_status":"closed","sticky":false,"template":"","format":"standard","meta":{"footnotes":""},"categories":[485,479,486,17988,478],"tags":[],"class_list":["post-190193","post","type-post","status-publish","format-standard","has-post-thumbnail","","category-is-ve-sermaye","category-haberler-yerel","category-haberler-is-ve-sermaye","category-son-haberler","category-yerel"],"_links":{"self":[{"href":"https:\/\/archive.sana.sy\/tr\/index.php?rest_route=\/wp\/v2\/posts\/190193","targetHints":{"allow":["GET"]}}],"collection":[{"href":"https:\/\/archive.sana.sy\/tr\/index.php?rest_route=\/wp\/v2\/posts"}],"about":[{"href":"https:\/\/archive.sana.sy\/tr\/index.php?rest_route=\/wp\/v2\/types\/post"}],"author":[{"embeddable":true,"href":"https:\/\/archive.sana.sy\/tr\/index.php?rest_route=\/wp\/v2\/users\/1"}],"replies":[{"embeddable":true,"href":"https:\/\/archive.sana.sy\/tr\/index.php?rest_route=%2Fwp%2Fv2%2Fcomments&post=190193"}],"version-history":[{"count":0,"href":"https:\/\/archive.sana.sy\/tr\/index.php?rest_route=\/wp\/v2\/posts\/190193\/revisions"}],"wp:featuredmedia":[{"embeddable":true,"href":"https:\/\/archive.sana.sy\/tr\/index.php?rest_route=\/wp\/v2\/media\/190194"}],"wp:attachment":[{"href":"https:\/\/archive.sana.sy\/tr\/index.php?rest_route=%2Fwp%2Fv2%2Fmedia&parent=190193"}],"wp:term":[{"taxonomy":"category","embeddable":true,"href":"https:\/\/archive.sana.sy\/tr\/index.php?rest_route=%2Fwp%2Fv2%2Fcategories&post=190193"},{"taxonomy":"post_tag","embeddable":true,"href":"https:\/\/archive.sana.sy\/tr\/index.php?rest_route=%2Fwp%2Fv2%2Ftags&post=190193"}],"curies":[{"name":"wp","href":"https:\/\/api.w.org\/{rel}","templated":true}]}}