{"id":190200,"date":"2019-09-05T12:15:04","date_gmt":"2019-09-05T09:15:04","guid":{"rendered":"http:\/\/www.sana.sy\/tr\/?p=190200"},"modified":"2019-09-07T14:00:08","modified_gmt":"2019-09-07T11:00:08","slug":"tedmurda-isid-teroristlerin-daha-once-sakladiklari-antik-eserler-ele-gecirildi","status":"publish","type":"post","link":"https:\/\/archive.sana.sy\/tr\/?p=190200","title":{"rendered":"Tedmur\u2019da I\u015e\u0130D Ter\u00f6ristlerin Daha \u00d6nce Saklad\u0131klar\u0131 Antik Eserler Ele Ge\u00e7irildi"},"content":{"rendered":"<p>TEDMUR \u2013 G\u00fcvenlik birimlerimiz Homs k\u0131rsal\u0131n\u0131n do\u011fusunda arama tarama operasyonlar \u00e7er\u00e7evesinde, I\u015e\u0130D ter\u00f6ristlerin yok olmadan saklad\u0131klar\u0131 ince heykelt\u0131ra\u015fl\u0131k ile yap\u0131lan mezar yataklar\u0131ndan olu\u015fan antik eserleri ele ge\u00e7irdi.<\/p>\n<p>Homs M\u00fczesi Sekreteri Lubaba Ali SANA muhabirine yapt\u0131\u011f\u0131 a\u00e7\u0131klamada; ele ge\u00e7irilen antik eserlerin tan\u0131m\u0131 yaparken mezar yataklar\u0131n\u0131n beyaz kire\u00e7ta\u015f\u0131ndan yap\u0131ld\u0131klar\u0131n\u0131 belirtti. Ali; antik eserlerin y\u00fczeylerinde bulunan heykelt\u0131ra\u015flar\u0131ndan bahsederken ise, Tedmurlu giysileri ve defne \u00e7elengi giyen bir adam\u0131n ve ayaklar\u0131n\u0131n dibinde oturan Tedmnurlu kad\u0131n giysileri giyen bir kad\u0131n\u0131n resmini yontulmu\u015f oldu\u011funu ifade etti.<\/p>\n<p>\u00c7eviri: P.M.<\/p>\n","protected":false},"excerpt":{"rendered":"<p>TEDMUR \u2013 G\u00fcvenlik birimlerimiz Homs k\u0131rsal\u0131n\u0131n do\u011fusunda arama tarama operasyonlar \u00e7er\u00e7evesinde, I\u015e\u0130D ter\u00f6ristlerin yok olmadan saklad\u0131klar\u0131 ince heykelt\u0131ra\u015fl\u0131k ile yap\u0131lan mezar yataklar\u0131ndan olu\u015fan antik eserleri ele ge\u00e7irdi. Homs M\u00fczesi Sekreteri Lubaba Ali SANA muhabirine yapt\u0131\u011f\u0131 a\u00e7\u0131klamada; ele ge\u00e7irilen antik eserlerin tan\u0131m\u0131 yaparken mezar yataklar\u0131n\u0131n beyaz kire\u00e7ta\u015f\u0131ndan yap\u0131ld\u0131klar\u0131n\u0131 belirtti. Ali; antik eserlerin y\u00fczeylerinde bulunan heykelt\u0131ra\u015flar\u0131ndan bahsederken &hellip;<\/p>\n","protected":false},"author":1,"featured_media":190201,"comment_status":"closed","ping_status":"closed","sticky":false,"template":"","format":"standard","meta":{"footnotes":""},"categories":[516,479,511,17988,478],"tags":[],"class_list":["post-190200","post","type-post","status-publish","format-standard","has-post-thumbnail","","category-haberler-kultur-ve-sanat","category-haberler-yerel","category-kultur-ve-sanat","category-son-haberler","category-yerel"],"_links":{"self":[{"href":"https:\/\/archive.sana.sy\/tr\/index.php?rest_route=\/wp\/v2\/posts\/190200","targetHints":{"allow":["GET"]}}],"collection":[{"href":"https:\/\/archive.sana.sy\/tr\/index.php?rest_route=\/wp\/v2\/posts"}],"about":[{"href":"https:\/\/archive.sana.sy\/tr\/index.php?rest_route=\/wp\/v2\/types\/post"}],"author":[{"embeddable":true,"href":"https:\/\/archive.sana.sy\/tr\/index.php?rest_route=\/wp\/v2\/users\/1"}],"replies":[{"embeddable":true,"href":"https:\/\/archive.sana.sy\/tr\/index.php?rest_route=%2Fwp%2Fv2%2Fcomments&post=190200"}],"version-history":[{"count":0,"href":"https:\/\/archive.sana.sy\/tr\/index.php?rest_route=\/wp\/v2\/posts\/190200\/revisions"}],"wp:featuredmedia":[{"embeddable":true,"href":"https:\/\/archive.sana.sy\/tr\/index.php?rest_route=\/wp\/v2\/media\/190201"}],"wp:attachment":[{"href":"https:\/\/archive.sana.sy\/tr\/index.php?rest_route=%2Fwp%2Fv2%2Fmedia&parent=190200"}],"wp:term":[{"taxonomy":"category","embeddable":true,"href":"https:\/\/archive.sana.sy\/tr\/index.php?rest_route=%2Fwp%2Fv2%2Fcategories&post=190200"},{"taxonomy":"post_tag","embeddable":true,"href":"https:\/\/archive.sana.sy\/tr\/index.php?rest_route=%2Fwp%2Fv2%2Ftags&post=190200"}],"curies":[{"name":"wp","href":"https:\/\/api.w.org\/{rel}","templated":true}]}}