{"id":190254,"date":"2019-09-05T12:35:51","date_gmt":"2019-09-05T09:35:51","guid":{"rendered":"http:\/\/www.sana.sy\/tr\/?p=190254"},"modified":"2019-09-05T13:38:04","modified_gmt":"2019-09-05T10:38:04","slug":"basbakan-imad-hamis-ve-esligindeki-hukumet-heyeti-uluslararasi-sam-fuari-ziyaret-etti","status":"publish","type":"post","link":"https:\/\/archive.sana.sy\/tr\/?p=190254","title":{"rendered":"Ba\u015fbakan \u0130mad Hamis ve e\u015fli\u011findeki h\u00fck\u00fcmet heyeti Uluslararas\u0131 \u015eam Fuar\u0131 ziyaret etti"},"content":{"rendered":"<p>Ba\u015fbakan \u0130mad Hamis ve e\u015fli\u011findeki h\u00fck\u00fcmet heyeti Uluslararas\u0131 \u015eam Fuar\u0131 ziyaret etti<br \/>\n<iframe loading=\"lazy\" src=\"https:\/\/www.youtube.com\/embed\/7XylL0_Os7Y\" width=\"620\" height=\"348\" frameborder=\"0\" allowfullscreen=\"allowfullscreen\"><\/iframe><\/p>\n","protected":false},"excerpt":{"rendered":"<p>Ba\u015fbakan \u0130mad Hamis ve e\u015fli\u011findeki h\u00fck\u00fcmet heyeti Uluslararas\u0131 \u015eam Fuar\u0131 ziyaret etti<\/p>\n","protected":false},"author":1,"featured_media":190255,"comment_status":"closed","ping_status":"closed","sticky":false,"template":"","format":"standard","meta":{"footnotes":""},"categories":[38173,18295],"tags":[],"class_list":["post-190254","post","type-post","status-publish","format-standard","has-post-thumbnail","","category-61-uluslararasi-sam-fuari","category-sana-video"],"_links":{"self":[{"href":"https:\/\/archive.sana.sy\/tr\/index.php?rest_route=\/wp\/v2\/posts\/190254","targetHints":{"allow":["GET"]}}],"collection":[{"href":"https:\/\/archive.sana.sy\/tr\/index.php?rest_route=\/wp\/v2\/posts"}],"about":[{"href":"https:\/\/archive.sana.sy\/tr\/index.php?rest_route=\/wp\/v2\/types\/post"}],"author":[{"embeddable":true,"href":"https:\/\/archive.sana.sy\/tr\/index.php?rest_route=\/wp\/v2\/users\/1"}],"replies":[{"embeddable":true,"href":"https:\/\/archive.sana.sy\/tr\/index.php?rest_route=%2Fwp%2Fv2%2Fcomments&post=190254"}],"version-history":[{"count":0,"href":"https:\/\/archive.sana.sy\/tr\/index.php?rest_route=\/wp\/v2\/posts\/190254\/revisions"}],"wp:featuredmedia":[{"embeddable":true,"href":"https:\/\/archive.sana.sy\/tr\/index.php?rest_route=\/wp\/v2\/media\/190255"}],"wp:attachment":[{"href":"https:\/\/archive.sana.sy\/tr\/index.php?rest_route=%2Fwp%2Fv2%2Fmedia&parent=190254"}],"wp:term":[{"taxonomy":"category","embeddable":true,"href":"https:\/\/archive.sana.sy\/tr\/index.php?rest_route=%2Fwp%2Fv2%2Fcategories&post=190254"},{"taxonomy":"post_tag","embeddable":true,"href":"https:\/\/archive.sana.sy\/tr\/index.php?rest_route=%2Fwp%2Fv2%2Ftags&post=190254"}],"curies":[{"name":"wp","href":"https:\/\/api.w.org\/{rel}","templated":true}]}}