{"id":190265,"date":"2019-09-05T14:55:47","date_gmt":"2019-09-05T11:55:47","guid":{"rendered":"http:\/\/www.sana.sy\/tr\/?p=190265"},"modified":"2019-09-07T14:00:37","modified_gmt":"2019-09-07T11:00:37","slug":"mikdat-ve-kuznetsova-son-durumlari-degerlendirdi","status":"publish","type":"post","link":"https:\/\/archive.sana.sy\/tr\/?p=190265","title":{"rendered":"Mikdat ve Kuznetsova Son Durumlar\u0131 De\u011ferlendirdi"},"content":{"rendered":"<p>\u015eAM \u2013 D\u0131\u015fi\u015fleri ve Gurbet\u00e7iler Bakan Yard\u0131mc\u0131s\u0131 Faysal Mikdat Rusya Ba\u015fkan\u0131 Vladimir Putin\u2019in \u00e7ocuk haklar\u0131 temsilcisi Anna Kuznetsova ve Suriye ziyaretinde ona e\u015flik eden heyetle bir araya geldi.<\/p>\n<p><a href=\"http:\/\/www.sana.sy\/tr\/wp-content\/uploads\/2019\/09\/2-55.jpg\"><img loading=\"lazy\" decoding=\"async\" class=\"alignright wp-image-190268 size-medium\" src=\"http:\/\/www.sana.sy\/tr\/wp-content\/uploads\/2019\/09\/2-55-300x168.jpg\" alt=\"\" width=\"300\" height=\"168\" srcset=\"https:\/\/archive.sana.sy\/tr\/wp-content\/uploads\/2019\/09\/2-55-300x168.jpg 300w, https:\/\/archive.sana.sy\/tr\/wp-content\/uploads\/2019\/09\/2-55-150x84.jpg 150w, https:\/\/archive.sana.sy\/tr\/wp-content\/uploads\/2019\/09\/2-55.jpg 660w\" sizes=\"auto, (max-width: 300px) 100vw, 300px\" \/><\/a>\u00c7ocuk haklar\u0131n\u0131n korunmas\u0131nda son durum ve \u00e7abalar\u0131n ele al\u0131nd\u0131\u011f\u0131 g\u00f6r\u00fc\u015fmede iki taraf \u00f6zellikle ter\u00f6rle m\u00fccadele ve insani \u00e7al\u0131\u015fmalar ba\u015fta olmak \u00fczere iki taraf aras\u0131nda i\u015fbirli\u011fi ve ortak \u00e7al\u0131\u015fmalar\u0131n peki\u015ftirilmesi \u00f6neminde g\u00f6r\u00fc\u015f birli\u011fi kaydetti.<\/p>\n<p>Mikdat Suriye&#8217;de son durum ve geli\u015fmelere dikkat \u00e7ekerken; Rusya&#8217;n\u0131n insan haklar\u0131 ve insani durumlar\u0131 bahane edip politikle\u015ftiren di\u011fer devletlerden farkl\u0131 olarak Suriye&#8217;de ter\u00f6rle m\u00fccadelede oldu\u011fu gibi \u00e7ocuk haklar\u0131 ve insani durumlara ger\u00e7ekten \u00f6nem verdi\u011fini ifade etti.<\/p>\n<p>Kuznetsova ise Suriye devletinin kriz boyunca \u00e7ocuklar\u0131n ter\u00f6rden m\u00fcmk\u00fcn oldu\u011funca az etkilenmeleri ve t\u00fcm temel gereksinimlerinin temin edilmesinde harcad\u0131\u011f\u0131 yo\u011fun \u00e7abalar\u0131n takdire \u015fayan oldu\u011funu ifade etti.<\/p>\n<div id='gallery-1' class='gallery galleryid-190265 gallery-columns-1 gallery-size-full'><figure class='gallery-item'>\n\t\t\t<div class='gallery-icon landscape'>\n\t\t\t\t<a href='https:\/\/archive.sana.sy\/tr\/wp-content\/uploads\/2019\/09\/3-54.jpg'><img loading=\"lazy\" decoding=\"async\" width=\"660\" height=\"370\" src=\"https:\/\/archive.sana.sy\/tr\/wp-content\/uploads\/2019\/09\/3-54.jpg\" class=\"attachment-full size-full\" alt=\"\" srcset=\"https:\/\/archive.sana.sy\/tr\/wp-content\/uploads\/2019\/09\/3-54.jpg 660w, https:\/\/archive.sana.sy\/tr\/wp-content\/uploads\/2019\/09\/3-54-150x84.jpg 150w, https:\/\/archive.sana.sy\/tr\/wp-content\/uploads\/2019\/09\/3-54-300x168.jpg 300w\" sizes=\"auto, (max-width: 660px) 100vw, 660px\" \/><\/a>\n\t\t\t<\/div><\/figure>\n\t\t<\/div>\n\n","protected":false},"excerpt":{"rendered":"<p>\u015eAM \u2013 D\u0131\u015fi\u015fleri ve Gurbet\u00e7iler Bakan Yard\u0131mc\u0131s\u0131 Faysal Mikdat Rusya Ba\u015fkan\u0131 Vladimir Putin\u2019in \u00e7ocuk haklar\u0131 temsilcisi Anna Kuznetsova ve Suriye ziyaretinde ona e\u015flik eden heyetle bir araya geldi. \u00c7ocuk haklar\u0131n\u0131n korunmas\u0131nda son durum ve \u00e7abalar\u0131n ele al\u0131nd\u0131\u011f\u0131 g\u00f6r\u00fc\u015fmede iki taraf \u00f6zellikle ter\u00f6rle m\u00fccadele ve insani \u00e7al\u0131\u015fmalar ba\u015fta olmak \u00fczere iki taraf aras\u0131nda i\u015fbirli\u011fi ve ortak &hellip;<\/p>\n","protected":false},"author":1,"featured_media":190267,"comment_status":"closed","ping_status":"closed","sticky":false,"template":"","format":"standard","meta":{"footnotes":""},"categories":[479,17988,478],"tags":[],"class_list":["post-190265","post","type-post","status-publish","format-standard","has-post-thumbnail","","category-haberler-yerel","category-son-haberler","category-yerel"],"_links":{"self":[{"href":"https:\/\/archive.sana.sy\/tr\/index.php?rest_route=\/wp\/v2\/posts\/190265","targetHints":{"allow":["GET"]}}],"collection":[{"href":"https:\/\/archive.sana.sy\/tr\/index.php?rest_route=\/wp\/v2\/posts"}],"about":[{"href":"https:\/\/archive.sana.sy\/tr\/index.php?rest_route=\/wp\/v2\/types\/post"}],"author":[{"embeddable":true,"href":"https:\/\/archive.sana.sy\/tr\/index.php?rest_route=\/wp\/v2\/users\/1"}],"replies":[{"embeddable":true,"href":"https:\/\/archive.sana.sy\/tr\/index.php?rest_route=%2Fwp%2Fv2%2Fcomments&post=190265"}],"version-history":[{"count":0,"href":"https:\/\/archive.sana.sy\/tr\/index.php?rest_route=\/wp\/v2\/posts\/190265\/revisions"}],"wp:featuredmedia":[{"embeddable":true,"href":"https:\/\/archive.sana.sy\/tr\/index.php?rest_route=\/wp\/v2\/media\/190267"}],"wp:attachment":[{"href":"https:\/\/archive.sana.sy\/tr\/index.php?rest_route=%2Fwp%2Fv2%2Fmedia&parent=190265"}],"wp:term":[{"taxonomy":"category","embeddable":true,"href":"https:\/\/archive.sana.sy\/tr\/index.php?rest_route=%2Fwp%2Fv2%2Fcategories&post=190265"},{"taxonomy":"post_tag","embeddable":true,"href":"https:\/\/archive.sana.sy\/tr\/index.php?rest_route=%2Fwp%2Fv2%2Ftags&post=190265"}],"curies":[{"name":"wp","href":"https:\/\/api.w.org\/{rel}","templated":true}]}}