{"id":190272,"date":"2019-09-05T14:52:47","date_gmt":"2019-09-05T11:52:47","guid":{"rendered":"http:\/\/www.sana.sy\/tr\/?p=190272"},"modified":"2019-09-07T14:00:27","modified_gmt":"2019-09-07T11:00:27","slug":"israil-seyhler-heyetinin-ziyaretini-engelledi","status":"publish","type":"post","link":"https:\/\/archive.sana.sy\/tr\/?p=190272","title":{"rendered":"\u0130srail \u015eeyhler Heyetinin Ziyaretini Engelledi"},"content":{"rendered":"<p>KUD\u00dcS \u2013 \u0130\u015fgalci \u0130srail otoriteleri \u0131rk\u00e7\u0131 ve zorba politikas\u0131n\u0131n devam\u0131 olarak i\u015fgali alt\u0131ndaki Filistin topraklar\u0131nda M\u00fcsl\u00fcman Muvahhidin taifesinden \u015feyhler heyetinin dini mekanlar\u0131 ziyaret etme ama\u00e7l\u0131 olarak Suriye&#8217;ye gelmelerini engelledi.<\/p>\n<p>\u00dcrd\u00fcn \u00fczerinden Suriye&#8217;yi ziyaret etmeyi planlayan \u015feyhler heyeti i\u015fgal alt\u0131ndaki Filistin topraklar\u0131 ile \u00dcrd\u00fcn aras\u0131ndaki \u015eeyh H\u00fczeyin s\u0131n\u0131r ge\u00e7idinde i\u015fgal g\u00fc\u00e7lerinin barikat\u0131 ile kar\u015f\u0131la\u015ft\u0131lar.<\/p>\n<p>\u015eeyhler yapt\u0131klar\u0131 bas\u0131n a\u00e7\u0131klamalar\u0131nda Suriye&#8217;de ya\u015fayan M\u00fcsl\u00fcman Muvahhidin taifesinden karde\u015flerini ve Suriye&#8217;deki dini mekanlar\u0131 ziyaret etmenin kendilerinin me\u015fru haklar\u0131 oldu\u011funu ifade etti. \u0130srail&#8217;in bu haktan kendilerini mahrum etme yasall\u0131\u011f\u0131 veya hakk\u0131na sahip olmad\u0131\u011f\u0131n\u0131 ifade eden \u015feyhler; i\u015fgal g\u00fc\u00e7lerinin bu zorbal\u0131klar\u0131 kar\u015f\u0131s\u0131nda sessiz kalmayacaklar\u0131n\u0131 ifade ettiler.<\/p>\n<p>\u015eeyler \u0130srail&#8217;in bu tutumunun Siyonist \u0131rk\u00e7\u0131 politikas\u0131 ve zorbal\u0131klar\u0131 kapsam\u0131nda geldi\u011finin alt\u0131n\u0131 \u00e7izdi.<\/p>\n","protected":false},"excerpt":{"rendered":"<p>KUD\u00dcS \u2013 \u0130\u015fgalci \u0130srail otoriteleri \u0131rk\u00e7\u0131 ve zorba politikas\u0131n\u0131n devam\u0131 olarak i\u015fgali alt\u0131ndaki Filistin topraklar\u0131nda M\u00fcsl\u00fcman Muvahhidin taifesinden \u015feyhler heyetinin dini mekanlar\u0131 ziyaret etme ama\u00e7l\u0131 olarak Suriye&#8217;ye gelmelerini engelledi. \u00dcrd\u00fcn \u00fczerinden Suriye&#8217;yi ziyaret etmeyi planlayan \u015feyhler heyeti i\u015fgal alt\u0131ndaki Filistin topraklar\u0131 ile \u00dcrd\u00fcn aras\u0131ndaki \u015eeyh H\u00fczeyin s\u0131n\u0131r ge\u00e7idinde i\u015fgal g\u00fc\u00e7lerinin barikat\u0131 ile kar\u015f\u0131la\u015ft\u0131lar. \u015eeyhler yapt\u0131klar\u0131 &hellip;<\/p>\n","protected":false},"author":1,"featured_media":190293,"comment_status":"closed","ping_status":"closed","sticky":false,"template":"","format":"standard","meta":{"footnotes":""},"categories":[458,459,17988],"tags":[],"class_list":["post-190272","post","type-post","status-publish","format-standard","has-post-thumbnail","","category-dunya1","category-haberler-arap-uluslararasi-politika","category-son-haberler"],"_links":{"self":[{"href":"https:\/\/archive.sana.sy\/tr\/index.php?rest_route=\/wp\/v2\/posts\/190272","targetHints":{"allow":["GET"]}}],"collection":[{"href":"https:\/\/archive.sana.sy\/tr\/index.php?rest_route=\/wp\/v2\/posts"}],"about":[{"href":"https:\/\/archive.sana.sy\/tr\/index.php?rest_route=\/wp\/v2\/types\/post"}],"author":[{"embeddable":true,"href":"https:\/\/archive.sana.sy\/tr\/index.php?rest_route=\/wp\/v2\/users\/1"}],"replies":[{"embeddable":true,"href":"https:\/\/archive.sana.sy\/tr\/index.php?rest_route=%2Fwp%2Fv2%2Fcomments&post=190272"}],"version-history":[{"count":0,"href":"https:\/\/archive.sana.sy\/tr\/index.php?rest_route=\/wp\/v2\/posts\/190272\/revisions"}],"wp:featuredmedia":[{"embeddable":true,"href":"https:\/\/archive.sana.sy\/tr\/index.php?rest_route=\/wp\/v2\/media\/190293"}],"wp:attachment":[{"href":"https:\/\/archive.sana.sy\/tr\/index.php?rest_route=%2Fwp%2Fv2%2Fmedia&parent=190272"}],"wp:term":[{"taxonomy":"category","embeddable":true,"href":"https:\/\/archive.sana.sy\/tr\/index.php?rest_route=%2Fwp%2Fv2%2Fcategories&post=190272"},{"taxonomy":"post_tag","embeddable":true,"href":"https:\/\/archive.sana.sy\/tr\/index.php?rest_route=%2Fwp%2Fv2%2Ftags&post=190272"}],"curies":[{"name":"wp","href":"https:\/\/api.w.org\/{rel}","templated":true}]}}