{"id":190314,"date":"2019-09-05T23:55:54","date_gmt":"2019-09-05T20:55:54","guid":{"rendered":"http:\/\/sana.sy\/tr\/?p=190314"},"modified":"2019-09-07T14:00:52","modified_gmt":"2019-09-07T11:00:52","slug":"saydnaya-diyalog-gorusmesinde-gencler-kultur-ve-sosyal-faaliyetleri","status":"publish","type":"post","link":"https:\/\/archive.sana.sy\/tr\/?p=190314","title":{"rendered":"Saydnaya Diyalog G\u00f6r\u00fc\u015fmesinde Gen\u00e7ler K\u00fclt\u00fcr ve Sosyal Faaliyetleri"},"content":{"rendered":"<p style=\"text-align: justify;\">\u015eAM KIRSALI &#8211; \u015eam K\u0131rsal\u0131 Saydnaya&#8217;daki Mar Touma Manast\u0131r\u0131&#8217;nda Halep Ortodoks Pazar Okullar\u0131n\u0131n diyalog g\u00f6r\u00fc\u015fmeleri faaliyetleri, \u015eam K\u0131rsal\u0131nda, &#8220;Daha \u0130yi Ya\u015fam&#8221; ad\u0131 alt\u0131nda, bir grup \u00fcniversiteli gencin kat\u0131l\u0131m\u0131yla, b\u00f6lgedeki baz\u0131 kiliselere ve manast\u0131rlara yap\u0131lan fiziksel etkinlikler, oyunlar ve k\u00fclt\u00fcrel yar\u0131\u015fmalar ile toplumda bireyin rol\u00fcne ili\u015fkin dersler ve sosyal faaliyetleri i\u00e7erdi.<\/p>\n<p style=\"text-align: justify;\"><a href=\"http:\/\/sana.sy\/tr\/wp-content\/uploads\/2019\/09\/2-4.jpg\"><img loading=\"lazy\" decoding=\"async\" class=\"alignright size-medium wp-image-190316\" src=\"http:\/\/sana.sy\/tr\/wp-content\/uploads\/2019\/09\/2-4-300x170.jpg\" alt=\"\" width=\"300\" height=\"170\" srcset=\"https:\/\/archive.sana.sy\/tr\/wp-content\/uploads\/2019\/09\/2-4-300x170.jpg 300w, https:\/\/archive.sana.sy\/tr\/wp-content\/uploads\/2019\/09\/2-4-150x85.jpg 150w, https:\/\/archive.sana.sy\/tr\/wp-content\/uploads\/2019\/09\/2-4-768x435.jpg 768w, https:\/\/archive.sana.sy\/tr\/wp-content\/uploads\/2019\/09\/2-4-1024x580.jpg 1024w\" sizes=\"auto, (max-width: 300px) 100vw, 300px\" \/><\/a>Kat\u0131l\u0131mc\u0131lar, bu gibi diyalog g\u00f6r\u00fc\u015fmelerinin Suriye gen\u00e7lerine kendilerine ilgilendiren sosyal, politik ve k\u00fclt\u00fcrel baz\u0131 konularda deneyim kazand\u0131rma fursat\u0131 verdi\u011fini belirttiler.<\/p>\n<p style=\"text-align: justify;\">Kat\u0131l\u0131mc\u0131lar say\u0131n Cumhurba\u015fkan\u0131 Be\u015f\u015far Esad ve say\u0131n e\u015fi Esma Esad&#8217;\u0131n d\u00fcn kendileriyle bir araya gelmelerinin daha iyi ya\u015fam\u0131n in\u015fa edilmesinde gen\u00e7lerin rol\u00fcn\u00fc belirttikleri gelece\u011fe y\u00f6nelik b\u00fcy\u00fck bir umut ve g\u00fcven verdi\u011fini dile getirdiler.<\/p>\n<p style=\"text-align: justify;\">Kat\u0131l\u0131mc\u0131 \u00f6\u011frenciler, bu y\u0131lki Saydnaya Diyalog G\u00f6r\u00fc\u015fmesinin daha \u00f6ncekilere nazaran daha de\u011fi\u015fik oldu\u011funu say\u0131n Cumhurba\u015fkan\u0131 Be\u015f\u015far Esad ile g\u00f6r\u00fc\u015fmenin kat\u0131l\u0131\u0131mc\u0131 gen\u00e7lere vatana faydal\u0131 projeler vermeleri a\u00e7\u0131s\u0131ndan bir ivme verdi\u011fini dile getirdiler.<\/p>\n<p style=\"text-align: justify;\"><a href=\"http:\/\/sana.sy\/tr\/wp-content\/uploads\/2019\/09\/3-3.jpg\"><img loading=\"lazy\" decoding=\"async\" class=\"alignright size-medium wp-image-190317\" src=\"http:\/\/sana.sy\/tr\/wp-content\/uploads\/2019\/09\/3-3-300x173.jpg\" alt=\"\" width=\"300\" height=\"173\" srcset=\"https:\/\/archive.sana.sy\/tr\/wp-content\/uploads\/2019\/09\/3-3-300x173.jpg 300w, https:\/\/archive.sana.sy\/tr\/wp-content\/uploads\/2019\/09\/3-3-150x87.jpg 150w, https:\/\/archive.sana.sy\/tr\/wp-content\/uploads\/2019\/09\/3-3-768x444.jpg 768w, https:\/\/archive.sana.sy\/tr\/wp-content\/uploads\/2019\/09\/3-3-1024x592.jpg 1024w\" sizes=\"auto, (max-width: 300px) 100vw, 300px\" \/><\/a>Kat\u0131l\u0131mc\u0131lar\u0131n M\u00fcr\u015fidi Mihail Dimyan, Halep Pazar Ortodoks okullar\u0131n\u0131n diyalog toplant\u0131s\u0131n\u0131n seminerler, konular ve farkl\u0131 etkinlikler bak\u0131m\u0131ndan zengin oldu\u011funu, bu vatanda \u00fclkenin kendi gen\u00e7lerinin k\u00fclt\u00fcrleri \u00fczerine in\u015fa edilmi\u015f daha iyi bir hayata ula\u015fman\u0131n yollar\u0131na odaklanan Cumhurba\u015fkan\u0131 Esad ve say\u0131n Esma Han\u0131m ile \u00f6nemli bir toplant\u0131yla ta\u00e7land\u0131\u011f\u0131n\u0131 belirtti.<\/p>\n<p style=\"text-align: justify;\">Mir\u015fide Hanan Koca, gen\u00e7lerin bu t\u00fcr diyalog toplant\u0131lar\u0131na kat\u0131l\u0131m\u0131n\u0131 ve alg\u0131lar\u0131n\u0131 art\u0131rma, vatanda\u015fl\u0131k kavram\u0131n\u0131 te\u015fvik etme ve gen\u00e7 insanlara uzmanl\u0131k sa\u011flamak ile vatan ve topraklar\u0131yla ili\u015fkilerini artt\u0131rmak i\u00e7in \u00e7al\u0131\u015fma \u00f6nemini belirtti.<\/p>\n<p>\u00c7eviri: S.\u015eahut<\/p>\n<div id='gallery-1' class='gallery galleryid-190314 gallery-columns-1 gallery-size-full'><figure class='gallery-item'>\n\t\t\t<div class='gallery-icon landscape'>\n\t\t\t\t<a href='https:\/\/archive.sana.sy\/tr\/wp-content\/uploads\/2019\/09\/4-3.jpg'><img loading=\"lazy\" decoding=\"async\" width=\"3543\" height=\"2358\" src=\"https:\/\/archive.sana.sy\/tr\/wp-content\/uploads\/2019\/09\/4-3.jpg\" class=\"attachment-full size-full\" alt=\"\" srcset=\"https:\/\/archive.sana.sy\/tr\/wp-content\/uploads\/2019\/09\/4-3.jpg 3543w, https:\/\/archive.sana.sy\/tr\/wp-content\/uploads\/2019\/09\/4-3-150x100.jpg 150w, https:\/\/archive.sana.sy\/tr\/wp-content\/uploads\/2019\/09\/4-3-300x200.jpg 300w, https:\/\/archive.sana.sy\/tr\/wp-content\/uploads\/2019\/09\/4-3-768x511.jpg 768w, https:\/\/archive.sana.sy\/tr\/wp-content\/uploads\/2019\/09\/4-3-1024x682.jpg 1024w, https:\/\/archive.sana.sy\/tr\/wp-content\/uploads\/2019\/09\/4-3-310x205.jpg 310w\" sizes=\"auto, (max-width: 3543px) 100vw, 3543px\" \/><\/a>\n\t\t\t<\/div><\/figure><figure class='gallery-item'>\n\t\t\t<div class='gallery-icon landscape'>\n\t\t\t\t<a href='https:\/\/archive.sana.sy\/tr\/wp-content\/uploads\/2019\/09\/5-3.jpg'><img loading=\"lazy\" decoding=\"async\" width=\"3543\" height=\"2082\" src=\"https:\/\/archive.sana.sy\/tr\/wp-content\/uploads\/2019\/09\/5-3.jpg\" class=\"attachment-full size-full\" alt=\"\" srcset=\"https:\/\/archive.sana.sy\/tr\/wp-content\/uploads\/2019\/09\/5-3.jpg 3543w, https:\/\/archive.sana.sy\/tr\/wp-content\/uploads\/2019\/09\/5-3-150x88.jpg 150w, https:\/\/archive.sana.sy\/tr\/wp-content\/uploads\/2019\/09\/5-3-300x176.jpg 300w, https:\/\/archive.sana.sy\/tr\/wp-content\/uploads\/2019\/09\/5-3-768x451.jpg 768w, https:\/\/archive.sana.sy\/tr\/wp-content\/uploads\/2019\/09\/5-3-1024x602.jpg 1024w\" sizes=\"auto, (max-width: 3543px) 100vw, 3543px\" \/><\/a>\n\t\t\t<\/div><\/figure><figure class='gallery-item'>\n\t\t\t<div class='gallery-icon landscape'>\n\t\t\t\t<a href='https:\/\/archive.sana.sy\/tr\/wp-content\/uploads\/2019\/09\/6-2.jpg'><img loading=\"lazy\" decoding=\"async\" width=\"3543\" height=\"2358\" src=\"https:\/\/archive.sana.sy\/tr\/wp-content\/uploads\/2019\/09\/6-2.jpg\" class=\"attachment-full size-full\" alt=\"\" srcset=\"https:\/\/archive.sana.sy\/tr\/wp-content\/uploads\/2019\/09\/6-2.jpg 3543w, https:\/\/archive.sana.sy\/tr\/wp-content\/uploads\/2019\/09\/6-2-150x100.jpg 150w, https:\/\/archive.sana.sy\/tr\/wp-content\/uploads\/2019\/09\/6-2-300x200.jpg 300w, https:\/\/archive.sana.sy\/tr\/wp-content\/uploads\/2019\/09\/6-2-768x511.jpg 768w, https:\/\/archive.sana.sy\/tr\/wp-content\/uploads\/2019\/09\/6-2-1024x682.jpg 1024w, https:\/\/archive.sana.sy\/tr\/wp-content\/uploads\/2019\/09\/6-2-310x205.jpg 310w\" sizes=\"auto, (max-width: 3543px) 100vw, 3543px\" \/><\/a>\n\t\t\t<\/div><\/figure><figure class='gallery-item'>\n\t\t\t<div class='gallery-icon landscape'>\n\t\t\t\t<a href='https:\/\/archive.sana.sy\/tr\/wp-content\/uploads\/2019\/09\/7-2.jpg'><img loading=\"lazy\" decoding=\"async\" width=\"3543\" height=\"2358\" src=\"https:\/\/archive.sana.sy\/tr\/wp-content\/uploads\/2019\/09\/7-2.jpg\" class=\"attachment-full size-full\" alt=\"\" srcset=\"https:\/\/archive.sana.sy\/tr\/wp-content\/uploads\/2019\/09\/7-2.jpg 3543w, https:\/\/archive.sana.sy\/tr\/wp-content\/uploads\/2019\/09\/7-2-150x100.jpg 150w, https:\/\/archive.sana.sy\/tr\/wp-content\/uploads\/2019\/09\/7-2-300x200.jpg 300w, https:\/\/archive.sana.sy\/tr\/wp-content\/uploads\/2019\/09\/7-2-768x511.jpg 768w, https:\/\/archive.sana.sy\/tr\/wp-content\/uploads\/2019\/09\/7-2-1024x682.jpg 1024w, https:\/\/archive.sana.sy\/tr\/wp-content\/uploads\/2019\/09\/7-2-310x205.jpg 310w\" sizes=\"auto, (max-width: 3543px) 100vw, 3543px\" \/><\/a>\n\t\t\t<\/div><\/figure><figure class='gallery-item'>\n\t\t\t<div class='gallery-icon landscape'>\n\t\t\t\t<a href='https:\/\/archive.sana.sy\/tr\/wp-content\/uploads\/2019\/09\/8-2.jpg'><img loading=\"lazy\" decoding=\"async\" width=\"3543\" height=\"2411\" src=\"https:\/\/archive.sana.sy\/tr\/wp-content\/uploads\/2019\/09\/8-2.jpg\" class=\"attachment-full size-full\" alt=\"\" srcset=\"https:\/\/archive.sana.sy\/tr\/wp-content\/uploads\/2019\/09\/8-2.jpg 3543w, https:\/\/archive.sana.sy\/tr\/wp-content\/uploads\/2019\/09\/8-2-150x102.jpg 150w, https:\/\/archive.sana.sy\/tr\/wp-content\/uploads\/2019\/09\/8-2-300x204.jpg 300w, https:\/\/archive.sana.sy\/tr\/wp-content\/uploads\/2019\/09\/8-2-768x523.jpg 768w, https:\/\/archive.sana.sy\/tr\/wp-content\/uploads\/2019\/09\/8-2-1024x697.jpg 1024w, https:\/\/archive.sana.sy\/tr\/wp-content\/uploads\/2019\/09\/8-2-110x75.jpg 110w\" sizes=\"auto, (max-width: 3543px) 100vw, 3543px\" \/><\/a>\n\t\t\t<\/div><\/figure><figure class='gallery-item'>\n\t\t\t<div class='gallery-icon landscape'>\n\t\t\t\t<a href='https:\/\/archive.sana.sy\/tr\/wp-content\/uploads\/2019\/09\/9-3.jpg'><img loading=\"lazy\" decoding=\"async\" width=\"3543\" height=\"2359\" src=\"https:\/\/archive.sana.sy\/tr\/wp-content\/uploads\/2019\/09\/9-3.jpg\" class=\"attachment-full size-full\" alt=\"\" srcset=\"https:\/\/archive.sana.sy\/tr\/wp-content\/uploads\/2019\/09\/9-3.jpg 3543w, https:\/\/archive.sana.sy\/tr\/wp-content\/uploads\/2019\/09\/9-3-150x100.jpg 150w, https:\/\/archive.sana.sy\/tr\/wp-content\/uploads\/2019\/09\/9-3-300x200.jpg 300w, https:\/\/archive.sana.sy\/tr\/wp-content\/uploads\/2019\/09\/9-3-768x511.jpg 768w, https:\/\/archive.sana.sy\/tr\/wp-content\/uploads\/2019\/09\/9-3-1024x682.jpg 1024w, https:\/\/archive.sana.sy\/tr\/wp-content\/uploads\/2019\/09\/9-3-310x205.jpg 310w\" sizes=\"auto, (max-width: 3543px) 100vw, 3543px\" \/><\/a>\n\t\t\t<\/div><\/figure><figure class='gallery-item'>\n\t\t\t<div class='gallery-icon landscape'>\n\t\t\t\t<a href='https:\/\/archive.sana.sy\/tr\/wp-content\/uploads\/2019\/09\/10-1.jpg'><img loading=\"lazy\" decoding=\"async\" width=\"3543\" height=\"2358\" src=\"https:\/\/archive.sana.sy\/tr\/wp-content\/uploads\/2019\/09\/10-1.jpg\" class=\"attachment-full size-full\" alt=\"\" srcset=\"https:\/\/archive.sana.sy\/tr\/wp-content\/uploads\/2019\/09\/10-1.jpg 3543w, https:\/\/archive.sana.sy\/tr\/wp-content\/uploads\/2019\/09\/10-1-150x100.jpg 150w, https:\/\/archive.sana.sy\/tr\/wp-content\/uploads\/2019\/09\/10-1-300x200.jpg 300w, https:\/\/archive.sana.sy\/tr\/wp-content\/uploads\/2019\/09\/10-1-768x511.jpg 768w, https:\/\/archive.sana.sy\/tr\/wp-content\/uploads\/2019\/09\/10-1-1024x682.jpg 1024w, https:\/\/archive.sana.sy\/tr\/wp-content\/uploads\/2019\/09\/10-1-310x205.jpg 310w\" sizes=\"auto, (max-width: 3543px) 100vw, 3543px\" \/><\/a>\n\t\t\t<\/div><\/figure><figure class='gallery-item'>\n\t\t\t<div class='gallery-icon landscape'>\n\t\t\t\t<a href='https:\/\/archive.sana.sy\/tr\/wp-content\/uploads\/2019\/09\/11-2.jpg'><img loading=\"lazy\" decoding=\"async\" width=\"3543\" height=\"2358\" src=\"https:\/\/archive.sana.sy\/tr\/wp-content\/uploads\/2019\/09\/11-2.jpg\" class=\"attachment-full size-full\" alt=\"\" srcset=\"https:\/\/archive.sana.sy\/tr\/wp-content\/uploads\/2019\/09\/11-2.jpg 3543w, https:\/\/archive.sana.sy\/tr\/wp-content\/uploads\/2019\/09\/11-2-150x100.jpg 150w, https:\/\/archive.sana.sy\/tr\/wp-content\/uploads\/2019\/09\/11-2-300x200.jpg 300w, https:\/\/archive.sana.sy\/tr\/wp-content\/uploads\/2019\/09\/11-2-768x511.jpg 768w, https:\/\/archive.sana.sy\/tr\/wp-content\/uploads\/2019\/09\/11-2-1024x682.jpg 1024w, https:\/\/archive.sana.sy\/tr\/wp-content\/uploads\/2019\/09\/11-2-310x205.jpg 310w\" sizes=\"auto, (max-width: 3543px) 100vw, 3543px\" \/><\/a>\n\t\t\t<\/div><\/figure><figure class='gallery-item'>\n\t\t\t<div class='gallery-icon landscape'>\n\t\t\t\t<a href='https:\/\/archive.sana.sy\/tr\/wp-content\/uploads\/2019\/09\/12-1.jpg'><img loading=\"lazy\" decoding=\"async\" width=\"3543\" height=\"2358\" src=\"https:\/\/archive.sana.sy\/tr\/wp-content\/uploads\/2019\/09\/12-1.jpg\" class=\"attachment-full size-full\" alt=\"\" srcset=\"https:\/\/archive.sana.sy\/tr\/wp-content\/uploads\/2019\/09\/12-1.jpg 3543w, https:\/\/archive.sana.sy\/tr\/wp-content\/uploads\/2019\/09\/12-1-150x100.jpg 150w, https:\/\/archive.sana.sy\/tr\/wp-content\/uploads\/2019\/09\/12-1-300x200.jpg 300w, https:\/\/archive.sana.sy\/tr\/wp-content\/uploads\/2019\/09\/12-1-768x511.jpg 768w, https:\/\/archive.sana.sy\/tr\/wp-content\/uploads\/2019\/09\/12-1-1024x682.jpg 1024w, https:\/\/archive.sana.sy\/tr\/wp-content\/uploads\/2019\/09\/12-1-310x205.jpg 310w\" sizes=\"auto, (max-width: 3543px) 100vw, 3543px\" \/><\/a>\n\t\t\t<\/div><\/figure>\n\t\t<\/div>\n\n","protected":false},"excerpt":{"rendered":"<p>\u015eAM KIRSALI &#8211; \u015eam K\u0131rsal\u0131 Saydnaya&#8217;daki Mar Touma Manast\u0131r\u0131&#8217;nda Halep Ortodoks Pazar Okullar\u0131n\u0131n diyalog g\u00f6r\u00fc\u015fmeleri faaliyetleri, \u015eam K\u0131rsal\u0131nda, &#8220;Daha \u0130yi Ya\u015fam&#8221; ad\u0131 alt\u0131nda, bir grup \u00fcniversiteli gencin kat\u0131l\u0131m\u0131yla, b\u00f6lgedeki baz\u0131 kiliselere ve manast\u0131rlara yap\u0131lan fiziksel etkinlikler, oyunlar ve k\u00fclt\u00fcrel yar\u0131\u015fmalar ile toplumda bireyin rol\u00fcne ili\u015fkin dersler ve sosyal faaliyetleri i\u00e7erdi. Kat\u0131l\u0131mc\u0131lar, bu gibi diyalog g\u00f6r\u00fc\u015fmelerinin &hellip;<\/p>\n","protected":false},"author":1,"featured_media":190315,"comment_status":"closed","ping_status":"closed","sticky":false,"template":"","format":"standard","meta":{"footnotes":""},"categories":[596,516,479,511,17988,478],"tags":[],"class_list":["post-190314","post","type-post","status-publish","format-standard","has-post-thumbnail","","category-fotografli-raporlar","category-haberler-kultur-ve-sanat","category-haberler-yerel","category-kultur-ve-sanat","category-son-haberler","category-yerel"],"_links":{"self":[{"href":"https:\/\/archive.sana.sy\/tr\/index.php?rest_route=\/wp\/v2\/posts\/190314","targetHints":{"allow":["GET"]}}],"collection":[{"href":"https:\/\/archive.sana.sy\/tr\/index.php?rest_route=\/wp\/v2\/posts"}],"about":[{"href":"https:\/\/archive.sana.sy\/tr\/index.php?rest_route=\/wp\/v2\/types\/post"}],"author":[{"embeddable":true,"href":"https:\/\/archive.sana.sy\/tr\/index.php?rest_route=\/wp\/v2\/users\/1"}],"replies":[{"embeddable":true,"href":"https:\/\/archive.sana.sy\/tr\/index.php?rest_route=%2Fwp%2Fv2%2Fcomments&post=190314"}],"version-history":[{"count":0,"href":"https:\/\/archive.sana.sy\/tr\/index.php?rest_route=\/wp\/v2\/posts\/190314\/revisions"}],"wp:featuredmedia":[{"embeddable":true,"href":"https:\/\/archive.sana.sy\/tr\/index.php?rest_route=\/wp\/v2\/media\/190315"}],"wp:attachment":[{"href":"https:\/\/archive.sana.sy\/tr\/index.php?rest_route=%2Fwp%2Fv2%2Fmedia&parent=190314"}],"wp:term":[{"taxonomy":"category","embeddable":true,"href":"https:\/\/archive.sana.sy\/tr\/index.php?rest_route=%2Fwp%2Fv2%2Fcategories&post=190314"},{"taxonomy":"post_tag","embeddable":true,"href":"https:\/\/archive.sana.sy\/tr\/index.php?rest_route=%2Fwp%2Fv2%2Ftags&post=190314"}],"curies":[{"name":"wp","href":"https:\/\/api.w.org\/{rel}","templated":true}]}}