{"id":190328,"date":"2019-09-05T23:49:38","date_gmt":"2019-09-05T20:49:38","guid":{"rendered":"http:\/\/sana.sy\/tr\/?p=190328"},"modified":"2019-09-07T14:00:44","modified_gmt":"2019-09-07T11:00:44","slug":"suriye-uluslararasi-terorle-savas-cercevesinde-yasadisi-silah-kacakciligiyla-mucadele-icin-uluslararasi-konferansa-katiliyor","status":"publish","type":"post","link":"https:\/\/archive.sana.sy\/tr\/?p=190328","title":{"rendered":"Suriye, Uluslararas\u0131 Ter\u00f6rle Sava\u015f \u00c7er\u00e7evesinde Yasad\u0131\u015f\u0131 Silah Ka\u00e7ak\u00e7\u0131l\u0131\u011f\u0131yla M\u00fccadele \u0130\u00e7in Uluslararas\u0131 Konferansa Kat\u0131l\u0131yor"},"content":{"rendered":"<p style=\"text-align: justify;\">MOSKOVA &#8211; Uluslararas\u0131 Ter\u00f6rizmle M\u00fccadelede Yasad\u0131\u015f\u0131 Silah Ticareti ile M\u00fccadele \u0130kinci Uluslararas\u0131 Konferans\u0131, Suriye&#8217;nin kat\u0131l\u0131m\u0131yla Moskova&#8217;da ba\u015flad\u0131.<\/p>\n<p style=\"text-align: justify;\"><a href=\"http:\/\/sana.sy\/tr\/wp-content\/uploads\/2019\/09\/32-2.jpg\"><img loading=\"lazy\" decoding=\"async\" class=\"alignright size-medium wp-image-190330\" src=\"http:\/\/sana.sy\/tr\/wp-content\/uploads\/2019\/09\/32-2-300x183.jpg\" alt=\"\" width=\"300\" height=\"183\" srcset=\"https:\/\/archive.sana.sy\/tr\/wp-content\/uploads\/2019\/09\/32-2-300x183.jpg 300w, https:\/\/archive.sana.sy\/tr\/wp-content\/uploads\/2019\/09\/32-2-150x92.jpg 150w, https:\/\/archive.sana.sy\/tr\/wp-content\/uploads\/2019\/09\/32-2.jpg 660w\" sizes=\"auto, (max-width: 300px) 100vw, 300px\" \/><\/a>Suriye&#8217;nin Moskova&#8217;daki Suriye B\u00fcy\u00fckel\u00e7isi Dr. Riyad Haddad Konferans konu\u015fmas\u0131nda, ter\u00f6r \u00f6rg\u00fctlerinin yasad\u0131\u015f\u0131 silahlanmas\u0131na kar\u015f\u0131 m\u00fccadele konusu ciddiyetinin yaln\u0131zca mevcut \u00fclkeler i\u00e7in de\u011fil, devletlerin g\u00fcvenli\u011fi ve istikrar\u0131na y\u00f6nelik ana tehdidi ortaya koymas\u0131 yan\u0131 s\u0131ra, gelece\u011fi i\u00e7in de \u00f6nemini vurgulad\u0131.<\/p>\n<p style=\"text-align: justify;\">B\u00fcy\u00fckel\u00e7i Haddad, bu konu hakk\u0131nda konu\u015fman\u0131n \u00f6nemini art\u0131ran \u015feyin, Suriye&#8217;deki bu ma\u011flup silahl\u0131 gruplar\u0131 \u00e7al\u0131\u015ft\u0131ran \u00fclkelerin b\u00f6lgede gerginli\u011fi ve istikrars\u0131zl\u0131\u011f\u0131 s\u00fcrd\u00fcrmek i\u00e7in ba\u015fka ara\u00e7lar aramalar\u0131 oldu\u011funu, Suriye&#8217;deki tecr\u00fcbemize dayanarak, hibrit tehditlerin, bu tehditleri destekleme ve beslemede uluslararas\u0131 ve b\u00f6lgesel baz\u0131 b\u00fcy\u00fck \u00fclkelerin kat\u0131l\u0131m\u0131na tan\u0131k oldu\u011funu \u00f6yle ki, b\u00fct\u00e7eler, uzmanl\u0131k, silah depolar\u0131 ve uydu g\u00f6r\u00fcnt\u00fcleri, hem insanlara hem de m\u00fclklere verilen zarar\u0131 ve y\u0131k\u0131m\u0131 en \u00fcst d\u00fczeye \u00e7\u0131karmak i\u00e7in yeteneklerini geli\u015ftirmek amac\u0131yla silahl\u0131 ter\u00f6rist gruplar\u0131n hizmetine sunuldu\u011funa dikkat \u00e7ekti.<\/p>\n<p style=\"text-align: justify;\"><a href=\"http:\/\/sana.sy\/tr\/wp-content\/uploads\/2019\/09\/33-1.jpg\"><img loading=\"lazy\" decoding=\"async\" class=\"alignright size-medium wp-image-190331\" src=\"http:\/\/sana.sy\/tr\/wp-content\/uploads\/2019\/09\/33-1-300x181.jpg\" alt=\"\" width=\"300\" height=\"181\" srcset=\"https:\/\/archive.sana.sy\/tr\/wp-content\/uploads\/2019\/09\/33-1-300x181.jpg 300w, https:\/\/archive.sana.sy\/tr\/wp-content\/uploads\/2019\/09\/33-1-150x90.jpg 150w, https:\/\/archive.sana.sy\/tr\/wp-content\/uploads\/2019\/09\/33-1.jpg 660w\" sizes=\"auto, (max-width: 300px) 100vw, 300px\" \/><\/a>Haddad, bu tehditlerle y\u00fczle\u015fmek i\u00e7in bilgi ve uzmanl\u0131k al\u0131\u015fveri\u015fi, proaktif \u00e7\u00f6z\u00fcm yollar\u0131 ve askeri-politik g\u00fcvenlik stratejisinin olu\u015fturulmas\u0131 dahil olmak \u00fczere i\u015fbirli\u011finin payla\u015f\u0131lmas\u0131 gerekti\u011fini s\u00f6yledi.<\/p>\n","protected":false},"excerpt":{"rendered":"<p>MOSKOVA &#8211; Uluslararas\u0131 Ter\u00f6rizmle M\u00fccadelede Yasad\u0131\u015f\u0131 Silah Ticareti ile M\u00fccadele \u0130kinci Uluslararas\u0131 Konferans\u0131, Suriye&#8217;nin kat\u0131l\u0131m\u0131yla Moskova&#8217;da ba\u015flad\u0131. Suriye&#8217;nin Moskova&#8217;daki Suriye B\u00fcy\u00fckel\u00e7isi Dr. Riyad Haddad Konferans konu\u015fmas\u0131nda, ter\u00f6r \u00f6rg\u00fctlerinin yasad\u0131\u015f\u0131 silahlanmas\u0131na kar\u015f\u0131 m\u00fccadele konusu ciddiyetinin yaln\u0131zca mevcut \u00fclkeler i\u00e7in de\u011fil, devletlerin g\u00fcvenli\u011fi ve istikrar\u0131na y\u00f6nelik ana tehdidi ortaya koymas\u0131 yan\u0131 s\u0131ra, gelece\u011fi i\u00e7in de \u00f6nemini vurgulad\u0131. &hellip;<\/p>\n","protected":false},"author":1,"featured_media":190329,"comment_status":"closed","ping_status":"closed","sticky":false,"template":"","format":"standard","meta":{"footnotes":""},"categories":[458,459,17988],"tags":[],"class_list":["post-190328","post","type-post","status-publish","format-standard","has-post-thumbnail","","category-dunya1","category-haberler-arap-uluslararasi-politika","category-son-haberler"],"_links":{"self":[{"href":"https:\/\/archive.sana.sy\/tr\/index.php?rest_route=\/wp\/v2\/posts\/190328","targetHints":{"allow":["GET"]}}],"collection":[{"href":"https:\/\/archive.sana.sy\/tr\/index.php?rest_route=\/wp\/v2\/posts"}],"about":[{"href":"https:\/\/archive.sana.sy\/tr\/index.php?rest_route=\/wp\/v2\/types\/post"}],"author":[{"embeddable":true,"href":"https:\/\/archive.sana.sy\/tr\/index.php?rest_route=\/wp\/v2\/users\/1"}],"replies":[{"embeddable":true,"href":"https:\/\/archive.sana.sy\/tr\/index.php?rest_route=%2Fwp%2Fv2%2Fcomments&post=190328"}],"version-history":[{"count":0,"href":"https:\/\/archive.sana.sy\/tr\/index.php?rest_route=\/wp\/v2\/posts\/190328\/revisions"}],"wp:featuredmedia":[{"embeddable":true,"href":"https:\/\/archive.sana.sy\/tr\/index.php?rest_route=\/wp\/v2\/media\/190329"}],"wp:attachment":[{"href":"https:\/\/archive.sana.sy\/tr\/index.php?rest_route=%2Fwp%2Fv2%2Fmedia&parent=190328"}],"wp:term":[{"taxonomy":"category","embeddable":true,"href":"https:\/\/archive.sana.sy\/tr\/index.php?rest_route=%2Fwp%2Fv2%2Fcategories&post=190328"},{"taxonomy":"post_tag","embeddable":true,"href":"https:\/\/archive.sana.sy\/tr\/index.php?rest_route=%2Fwp%2Fv2%2Ftags&post=190328"}],"curies":[{"name":"wp","href":"https:\/\/api.w.org\/{rel}","templated":true}]}}