{"id":190343,"date":"2019-09-06T12:20:23","date_gmt":"2019-09-06T09:20:23","guid":{"rendered":"http:\/\/www.sana.sy\/tr\/?p=190343"},"modified":"2019-09-06T15:39:02","modified_gmt":"2019-09-06T12:39:02","slug":"ekonomik-ve-sanatsal-faaliyetlerle-dolu-uluslararasi-sam-fuarinin-dokuzuncu-gunu-yogun-ziyaretcilere-tanik-oldu","status":"publish","type":"post","link":"https:\/\/archive.sana.sy\/tr\/?p=190343","title":{"rendered":"Ekonomik ve sanatsal faaliyetlerle dolu Uluslararas\u0131 \u015eam Fuar\u0131n\u0131n dokuzuncu g\u00fcn\u00fc ziyaret\u00e7iler yo\u011funlu\u011funa tan\u0131k oldu"},"content":{"rendered":"<p>Ekonomik ve sanatsal faaliyetlerle dolu Uluslararas\u0131 \u015eam Fuar\u0131n\u0131n dokuzuncu g\u00fcn\u00fc ziyaret\u00e7iler yo\u011funlu\u011funa tan\u0131k oldu<\/p>\n<p style=\"text-align: center;\"><span style=\"color: #0000ff;\">Z\u0130YARET\u00c7\u0130LER \u00d6\u011eLEDEN SONRA SAATLER\u0130NDE FUARLAR KENT\u0130NE ULA\u015eIYOR<\/span><\/p>\n<p style=\"text-align: center;\"><iframe loading=\"lazy\" src=\"https:\/\/www.youtube.com\/embed\/wgm6RtxtnqI\" width=\"620\" height=\"348\" frameborder=\"0\" allowfullscreen=\"allowfullscreen\"><\/iframe><\/p>\n<p style=\"text-align: center;\"><span style=\"color: #0000ff;\">U\u015eF GECE ATMOSFER\u0130NDEN G\u00d6R\u00dcNT\u00dcLER<\/span><\/p>\n<p style=\"text-align: center;\"><iframe loading=\"lazy\" src=\"https:\/\/www.youtube.com\/embed\/NpZK7xGLmMU\" width=\"620\" height=\"348\" frameborder=\"0\" allowfullscreen=\"allowfullscreen\"><\/iframe><\/p>\n<p style=\"text-align: center;\"><span style=\"color: #0000ff;\">U\u015eF&#8217;daki SUR\u0130YE K\u00d6\u015eK\u00dc<\/span><\/p>\n<p style=\"text-align: center;\"><iframe loading=\"lazy\" src=\"https:\/\/www.youtube.com\/embed\/L69VnOu42Tk\" width=\"620\" height=\"348\" frameborder=\"0\" allowfullscreen=\"allowfullscreen\"><\/iframe><\/p>\n<p style=\"text-align: center;\"><span style=\"color: #0000ff;\">U\u015eF&#8217;da GECE KONSER\u0130NDEN G\u00d6R\u00dcNT\u00dcLER<\/span><br \/>\n<iframe loading=\"lazy\" src=\"https:\/\/www.youtube.com\/embed\/R4WZJRvLU9I\" width=\"620\" height=\"348\" frameborder=\"0\" allowfullscreen=\"allowfullscreen\"><\/iframe><\/p>\n","protected":false},"excerpt":{"rendered":"<p>Ekonomik ve sanatsal faaliyetlerle dolu Uluslararas\u0131 \u015eam Fuar\u0131n\u0131n dokuzuncu g\u00fcn\u00fc ziyaret\u00e7iler yo\u011funlu\u011funa tan\u0131k oldu Z\u0130YARET\u00c7\u0130LER \u00d6\u011eLEDEN SONRA SAATLER\u0130NDE FUARLAR KENT\u0130NE ULA\u015eIYOR U\u015eF GECE ATMOSFER\u0130NDEN G\u00d6R\u00dcNT\u00dcLER U\u015eF&#8217;daki SUR\u0130YE K\u00d6\u015eK\u00dc U\u015eF&#8217;da GECE KONSER\u0130NDEN G\u00d6R\u00dcNT\u00dcLER<\/p>\n","protected":false},"author":1,"featured_media":190381,"comment_status":"closed","ping_status":"closed","sticky":false,"template":"","format":"standard","meta":{"footnotes":""},"categories":[38173,18295],"tags":[],"class_list":["post-190343","post","type-post","status-publish","format-standard","has-post-thumbnail","","category-61-uluslararasi-sam-fuari","category-sana-video"],"_links":{"self":[{"href":"https:\/\/archive.sana.sy\/tr\/index.php?rest_route=\/wp\/v2\/posts\/190343","targetHints":{"allow":["GET"]}}],"collection":[{"href":"https:\/\/archive.sana.sy\/tr\/index.php?rest_route=\/wp\/v2\/posts"}],"about":[{"href":"https:\/\/archive.sana.sy\/tr\/index.php?rest_route=\/wp\/v2\/types\/post"}],"author":[{"embeddable":true,"href":"https:\/\/archive.sana.sy\/tr\/index.php?rest_route=\/wp\/v2\/users\/1"}],"replies":[{"embeddable":true,"href":"https:\/\/archive.sana.sy\/tr\/index.php?rest_route=%2Fwp%2Fv2%2Fcomments&post=190343"}],"version-history":[{"count":0,"href":"https:\/\/archive.sana.sy\/tr\/index.php?rest_route=\/wp\/v2\/posts\/190343\/revisions"}],"wp:featuredmedia":[{"embeddable":true,"href":"https:\/\/archive.sana.sy\/tr\/index.php?rest_route=\/wp\/v2\/media\/190381"}],"wp:attachment":[{"href":"https:\/\/archive.sana.sy\/tr\/index.php?rest_route=%2Fwp%2Fv2%2Fmedia&parent=190343"}],"wp:term":[{"taxonomy":"category","embeddable":true,"href":"https:\/\/archive.sana.sy\/tr\/index.php?rest_route=%2Fwp%2Fv2%2Fcategories&post=190343"},{"taxonomy":"post_tag","embeddable":true,"href":"https:\/\/archive.sana.sy\/tr\/index.php?rest_route=%2Fwp%2Fv2%2Ftags&post=190343"}],"curies":[{"name":"wp","href":"https:\/\/api.w.org\/{rel}","templated":true}]}}