{"id":190471,"date":"2019-09-07T13:39:31","date_gmt":"2019-09-07T10:39:31","guid":{"rendered":"http:\/\/www.sana.sy\/tr\/?p=190471"},"modified":"2019-09-07T13:41:25","modified_gmt":"2019-09-07T10:41:25","slug":"askeri-kaynak-hava-savunma-guclerimizin-teroristlere-ait-bombali-uc-hava-aracinin-ikisini-havada-imha-ettiklerini-ucuncusunu-ise-kontrole-alip-tasidigi-bomba-ve-cephaneyi-etkisiz-hale-getirdiklerini","status":"publish","type":"post","link":"https:\/\/archive.sana.sy\/tr\/?p=190471","title":{"rendered":"Askeri kaynak hava savunma g\u00fc\u00e7lerimizin ter\u00f6ristlere ait bombal\u0131 \u00fc\u00e7 hava arac\u0131n\u0131n ikisini havada imha ettiklerini, \u00fc\u00e7\u00fcnc\u00fcs\u00fcn\u00fc ise kontrole al\u0131p ta\u015f\u0131d\u0131\u011f\u0131 bomba ve cephaneyi etkisiz hale getirdiklerini kaydederken; ter\u00f6r sald\u0131r\u0131s\u0131n\u0131n herhangi bir kay\u0131p olmaks\u0131z\u0131n \u00e7\u00f6kertildi\u011fini s\u00f6yledi."},"content":{"rendered":"<p>Askeri kaynak hava savunma g\u00fc\u00e7lerimizin ter\u00f6ristlere ait bombal\u0131 \u00fc\u00e7 hava arac\u0131n\u0131n ikisini havada imha ettiklerini, \u00fc\u00e7\u00fcnc\u00fcs\u00fcn\u00fc ise kontrole al\u0131p ta\u015f\u0131d\u0131\u011f\u0131 bomba ve cephaneyi etkisiz hale getirdiklerini kaydederken; ter\u00f6r sald\u0131r\u0131s\u0131n\u0131n herhangi bir kay\u0131p olmaks\u0131z\u0131n \u00e7\u00f6kertildi\u011fini s\u00f6yledi.<\/p>\n","protected":false},"excerpt":{"rendered":"<p>Askeri kaynak hava savunma g\u00fc\u00e7lerimizin ter\u00f6ristlere ait bombal\u0131 \u00fc\u00e7 hava arac\u0131n\u0131n ikisini havada imha ettiklerini, \u00fc\u00e7\u00fcnc\u00fcs\u00fcn\u00fc ise kontrole al\u0131p ta\u015f\u0131d\u0131\u011f\u0131 bomba ve cephaneyi etkisiz hale getirdiklerini kaydederken; ter\u00f6r sald\u0131r\u0131s\u0131n\u0131n herhangi bir kay\u0131p olmaks\u0131z\u0131n \u00e7\u00f6kertildi\u011fini s\u00f6yledi.<\/p>\n","protected":false},"author":1,"featured_media":0,"comment_status":"closed","ping_status":"closed","sticky":false,"template":"","format":"standard","meta":{"footnotes":""},"categories":[17991],"tags":[],"class_list":["post-190471","post","type-post","status-publish","format-standard","","category-son-dakika"],"_links":{"self":[{"href":"https:\/\/archive.sana.sy\/tr\/index.php?rest_route=\/wp\/v2\/posts\/190471","targetHints":{"allow":["GET"]}}],"collection":[{"href":"https:\/\/archive.sana.sy\/tr\/index.php?rest_route=\/wp\/v2\/posts"}],"about":[{"href":"https:\/\/archive.sana.sy\/tr\/index.php?rest_route=\/wp\/v2\/types\/post"}],"author":[{"embeddable":true,"href":"https:\/\/archive.sana.sy\/tr\/index.php?rest_route=\/wp\/v2\/users\/1"}],"replies":[{"embeddable":true,"href":"https:\/\/archive.sana.sy\/tr\/index.php?rest_route=%2Fwp%2Fv2%2Fcomments&post=190471"}],"version-history":[{"count":0,"href":"https:\/\/archive.sana.sy\/tr\/index.php?rest_route=\/wp\/v2\/posts\/190471\/revisions"}],"wp:attachment":[{"href":"https:\/\/archive.sana.sy\/tr\/index.php?rest_route=%2Fwp%2Fv2%2Fmedia&parent=190471"}],"wp:term":[{"taxonomy":"category","embeddable":true,"href":"https:\/\/archive.sana.sy\/tr\/index.php?rest_route=%2Fwp%2Fv2%2Fcategories&post=190471"},{"taxonomy":"post_tag","embeddable":true,"href":"https:\/\/archive.sana.sy\/tr\/index.php?rest_route=%2Fwp%2Fv2%2Ftags&post=190471"}],"curies":[{"name":"wp","href":"https:\/\/api.w.org\/{rel}","templated":true}]}}