{"id":190475,"date":"2019-09-07T14:26:38","date_gmt":"2019-09-07T11:26:38","guid":{"rendered":"http:\/\/www.sana.sy\/tr\/?p=190475"},"modified":"2019-09-07T14:26:38","modified_gmt":"2019-09-07T11:26:38","slug":"yerel-kaynaklar-isgalci-abd-guclerinin-deyrezzor-ilinin-kuzey-kirsali-busayra-nahiyesine-tabi-kessar-koyunde-ayni-aileden-4-vatandasi-alikoyup-mechul-bir-yere-goturduklerini-aktardi","status":"publish","type":"post","link":"https:\/\/archive.sana.sy\/tr\/?p=190475","title":{"rendered":"Yerel kaynaklar i\u015fgalci ABD g\u00fc\u00e7lerinin Deyrezzor ilinin kuzey k\u0131rsal\u0131 Busayra Nahiyesine tabi Kessar K\u00f6y\u00fcnde ayn\u0131 aileden 4 vatanda\u015f\u0131 al\u0131koyup me\u00e7hul bir yere g\u00f6t\u00fcrd\u00fcklerini aktard\u0131."},"content":{"rendered":"<p>Yerel kaynaklar i\u015fgalci ABD g\u00fc\u00e7lerinin Deyrezzor ilinin kuzey k\u0131rsal\u0131 Busayra Nahiyesine tabi Kessar K\u00f6y\u00fcnde ayn\u0131 aileden 4 vatanda\u015f\u0131 al\u0131koyup me\u00e7hul bir yere g\u00f6t\u00fcrd\u00fcklerini aktard\u0131.<\/p>\n","protected":false},"excerpt":{"rendered":"<p>Yerel kaynaklar i\u015fgalci ABD g\u00fc\u00e7lerinin Deyrezzor ilinin kuzey k\u0131rsal\u0131 Busayra Nahiyesine tabi Kessar K\u00f6y\u00fcnde ayn\u0131 aileden 4 vatanda\u015f\u0131 al\u0131koyup me\u00e7hul bir yere g\u00f6t\u00fcrd\u00fcklerini aktard\u0131.<\/p>\n","protected":false},"author":1,"featured_media":0,"comment_status":"closed","ping_status":"closed","sticky":false,"template":"","format":"standard","meta":{"footnotes":""},"categories":[17991],"tags":[],"class_list":["post-190475","post","type-post","status-publish","format-standard","","category-son-dakika"],"_links":{"self":[{"href":"https:\/\/archive.sana.sy\/tr\/index.php?rest_route=\/wp\/v2\/posts\/190475","targetHints":{"allow":["GET"]}}],"collection":[{"href":"https:\/\/archive.sana.sy\/tr\/index.php?rest_route=\/wp\/v2\/posts"}],"about":[{"href":"https:\/\/archive.sana.sy\/tr\/index.php?rest_route=\/wp\/v2\/types\/post"}],"author":[{"embeddable":true,"href":"https:\/\/archive.sana.sy\/tr\/index.php?rest_route=\/wp\/v2\/users\/1"}],"replies":[{"embeddable":true,"href":"https:\/\/archive.sana.sy\/tr\/index.php?rest_route=%2Fwp%2Fv2%2Fcomments&post=190475"}],"version-history":[{"count":0,"href":"https:\/\/archive.sana.sy\/tr\/index.php?rest_route=\/wp\/v2\/posts\/190475\/revisions"}],"wp:attachment":[{"href":"https:\/\/archive.sana.sy\/tr\/index.php?rest_route=%2Fwp%2Fv2%2Fmedia&parent=190475"}],"wp:term":[{"taxonomy":"category","embeddable":true,"href":"https:\/\/archive.sana.sy\/tr\/index.php?rest_route=%2Fwp%2Fv2%2Fcategories&post=190475"},{"taxonomy":"post_tag","embeddable":true,"href":"https:\/\/archive.sana.sy\/tr\/index.php?rest_route=%2Fwp%2Fv2%2Ftags&post=190475"}],"curies":[{"name":"wp","href":"https:\/\/api.w.org\/{rel}","templated":true}]}}