{"id":190485,"date":"2019-09-07T12:05:27","date_gmt":"2019-09-07T09:05:27","guid":{"rendered":"http:\/\/www.sana.sy\/tr\/?p=190485"},"modified":"2019-09-08T14:40:33","modified_gmt":"2019-09-08T11:40:33","slug":"israil-yine-gazzeyi-bombaladi-6","status":"publish","type":"post","link":"https:\/\/archive.sana.sy\/tr\/?p=190485","title":{"rendered":"\u0130srail yine Gazze\u2019yi Bombalad\u0131"},"content":{"rendered":"<p>KUD\u00dcS \u2013 \u0130\u015fgalci \u0130srail sava\u015f u\u00e7aklar\u0131 ve toplar\u0131 bug\u00fcn, y\u0131llard\u0131r s\u0131k\u0131 ku\u015fatmaya ald\u0131\u011f\u0131 Gazze Kesimini bir kez daha bombalad\u0131lar.<\/p>\n<p>Filistinli Vafa Haber Ajans\u0131 i\u015fgal sava\u015f u\u00e7aklar\u0131n\u0131n bug\u00fcn erken saatlerde Beyt Hanun ve Gazze kentlerinin do\u011fu b\u00f6lgelerine ilaveten Beyt Lahya Beldesinin kuzeyini bombalad\u0131klar\u0131n\u0131 aktard\u0131.<\/p>\n<p>Haber ajans\u0131 i\u015fgal g\u00fc\u00e7leri toplar\u0131n\u0131n ise Beyt Hanun ve ve Rafah kentlerini ate\u015fe tuttuklar\u0131n\u0131 ifade etti.<br \/>\nHaberlerde be\u015feri isabetler hakk\u0131nda bilgi verilmedi.<\/p>\n","protected":false},"excerpt":{"rendered":"<p>KUD\u00dcS \u2013 \u0130\u015fgalci \u0130srail sava\u015f u\u00e7aklar\u0131 ve toplar\u0131 bug\u00fcn, y\u0131llard\u0131r s\u0131k\u0131 ku\u015fatmaya ald\u0131\u011f\u0131 Gazze Kesimini bir kez daha bombalad\u0131lar. Filistinli Vafa Haber Ajans\u0131 i\u015fgal sava\u015f u\u00e7aklar\u0131n\u0131n bug\u00fcn erken saatlerde Beyt Hanun ve Gazze kentlerinin do\u011fu b\u00f6lgelerine ilaveten Beyt Lahya Beldesinin kuzeyini bombalad\u0131klar\u0131n\u0131 aktard\u0131. Haber ajans\u0131 i\u015fgal g\u00fc\u00e7leri toplar\u0131n\u0131n ise Beyt Hanun ve ve Rafah kentlerini &hellip;<\/p>\n","protected":false},"author":1,"featured_media":190486,"comment_status":"closed","ping_status":"closed","sticky":false,"template":"","format":"standard","meta":{"footnotes":""},"categories":[458,459,17988],"tags":[],"class_list":["post-190485","post","type-post","status-publish","format-standard","has-post-thumbnail","","category-dunya1","category-haberler-arap-uluslararasi-politika","category-son-haberler"],"_links":{"self":[{"href":"https:\/\/archive.sana.sy\/tr\/index.php?rest_route=\/wp\/v2\/posts\/190485","targetHints":{"allow":["GET"]}}],"collection":[{"href":"https:\/\/archive.sana.sy\/tr\/index.php?rest_route=\/wp\/v2\/posts"}],"about":[{"href":"https:\/\/archive.sana.sy\/tr\/index.php?rest_route=\/wp\/v2\/types\/post"}],"author":[{"embeddable":true,"href":"https:\/\/archive.sana.sy\/tr\/index.php?rest_route=\/wp\/v2\/users\/1"}],"replies":[{"embeddable":true,"href":"https:\/\/archive.sana.sy\/tr\/index.php?rest_route=%2Fwp%2Fv2%2Fcomments&post=190485"}],"version-history":[{"count":0,"href":"https:\/\/archive.sana.sy\/tr\/index.php?rest_route=\/wp\/v2\/posts\/190485\/revisions"}],"wp:featuredmedia":[{"embeddable":true,"href":"https:\/\/archive.sana.sy\/tr\/index.php?rest_route=\/wp\/v2\/media\/190486"}],"wp:attachment":[{"href":"https:\/\/archive.sana.sy\/tr\/index.php?rest_route=%2Fwp%2Fv2%2Fmedia&parent=190485"}],"wp:term":[{"taxonomy":"category","embeddable":true,"href":"https:\/\/archive.sana.sy\/tr\/index.php?rest_route=%2Fwp%2Fv2%2Fcategories&post=190485"},{"taxonomy":"post_tag","embeddable":true,"href":"https:\/\/archive.sana.sy\/tr\/index.php?rest_route=%2Fwp%2Fv2%2Ftags&post=190485"}],"curies":[{"name":"wp","href":"https:\/\/api.w.org\/{rel}","templated":true}]}}