{"id":190504,"date":"2019-09-07T15:30:12","date_gmt":"2019-09-07T12:30:12","guid":{"rendered":"http:\/\/www.sana.sy\/tr\/?p=190504"},"modified":"2019-09-08T14:39:59","modified_gmt":"2019-09-08T11:39:59","slug":"yangilardan-dolayi-hasar-goren-elektrik-hatlarinin-onarim-calismalari-surduruluyor","status":"publish","type":"post","link":"https:\/\/archive.sana.sy\/tr\/?p=190504","title":{"rendered":"Yang\u0131lardan Dolay\u0131 Hasar G\u00f6ren Elektrik Hatlar\u0131n\u0131n Onar\u0131m \u00c7al\u0131\u015fmalar\u0131 S\u00fcrd\u00fcr\u00fcl\u00fcyor"},"content":{"rendered":"<p>HASEKE \u2013 Haseke Elektrik M\u00fcd\u00fcrl\u00fc\u011f\u00fc, bu\u011fday hasad\u0131 zaman\u0131nda \u0130lin farkl\u0131 b\u00f6lgelerinde yer alan yang\u0131nlardan dolay\u0131 hasar g\u00f6ren 240\u2019den fazla elektrik dire\u011fi de\u011fi\u015fti .<\/p>\n<p>Elektrik M\u00fcd\u00fcrl\u00fc\u011f\u00fcn\u00fcn istatistiklere g\u00f6re Haseke \u0130linde hasar g\u00f6ren elektrik direklerin say\u0131s\u0131 yakla\u015f\u0131k 420 olup bir \u00e7ok b\u00f6lgelere elektrik hizmetin kesilmesine neden oldu.<\/p>\n<p>Haseke Elektrik \u015eirketinin Genel M\u00fcd\u00fcr\u00fc Anvar Akle SANA muhabirine yapt\u0131\u011f\u0131 a\u00e7\u0131klamada; hasar g\u00f6ren elektrik direklerin de\u011fi\u015fme ve elektrik hatlar\u0131n onar\u0131m \u00e7al\u0131\u015fmalar\u0131n\u0131n s\u00fcrd\u00fcr\u00fcld\u00fc\u011f\u00fcn\u00fc belirtti.<\/p>\n<p>\u00c7eviri: P.M.<\/p>\n","protected":false},"excerpt":{"rendered":"<p>HASEKE \u2013 Haseke Elektrik M\u00fcd\u00fcrl\u00fc\u011f\u00fc, bu\u011fday hasad\u0131 zaman\u0131nda \u0130lin farkl\u0131 b\u00f6lgelerinde yer alan yang\u0131nlardan dolay\u0131 hasar g\u00f6ren 240\u2019den fazla elektrik dire\u011fi de\u011fi\u015fti . Elektrik M\u00fcd\u00fcrl\u00fc\u011f\u00fcn\u00fcn istatistiklere g\u00f6re Haseke \u0130linde hasar g\u00f6ren elektrik direklerin say\u0131s\u0131 yakla\u015f\u0131k 420 olup bir \u00e7ok b\u00f6lgelere elektrik hizmetin kesilmesine neden oldu. Haseke Elektrik \u015eirketinin Genel M\u00fcd\u00fcr\u00fc Anvar Akle SANA muhabirine yapt\u0131\u011f\u0131 &hellip;<\/p>\n","protected":false},"author":1,"featured_media":190505,"comment_status":"closed","ping_status":"closed","sticky":false,"template":"","format":"standard","meta":{"footnotes":""},"categories":[479,17988,478],"tags":[],"class_list":["post-190504","post","type-post","status-publish","format-standard","has-post-thumbnail","","category-haberler-yerel","category-son-haberler","category-yerel"],"_links":{"self":[{"href":"https:\/\/archive.sana.sy\/tr\/index.php?rest_route=\/wp\/v2\/posts\/190504","targetHints":{"allow":["GET"]}}],"collection":[{"href":"https:\/\/archive.sana.sy\/tr\/index.php?rest_route=\/wp\/v2\/posts"}],"about":[{"href":"https:\/\/archive.sana.sy\/tr\/index.php?rest_route=\/wp\/v2\/types\/post"}],"author":[{"embeddable":true,"href":"https:\/\/archive.sana.sy\/tr\/index.php?rest_route=\/wp\/v2\/users\/1"}],"replies":[{"embeddable":true,"href":"https:\/\/archive.sana.sy\/tr\/index.php?rest_route=%2Fwp%2Fv2%2Fcomments&post=190504"}],"version-history":[{"count":0,"href":"https:\/\/archive.sana.sy\/tr\/index.php?rest_route=\/wp\/v2\/posts\/190504\/revisions"}],"wp:featuredmedia":[{"embeddable":true,"href":"https:\/\/archive.sana.sy\/tr\/index.php?rest_route=\/wp\/v2\/media\/190505"}],"wp:attachment":[{"href":"https:\/\/archive.sana.sy\/tr\/index.php?rest_route=%2Fwp%2Fv2%2Fmedia&parent=190504"}],"wp:term":[{"taxonomy":"category","embeddable":true,"href":"https:\/\/archive.sana.sy\/tr\/index.php?rest_route=%2Fwp%2Fv2%2Fcategories&post=190504"},{"taxonomy":"post_tag","embeddable":true,"href":"https:\/\/archive.sana.sy\/tr\/index.php?rest_route=%2Fwp%2Fv2%2Ftags&post=190504"}],"curies":[{"name":"wp","href":"https:\/\/api.w.org\/{rel}","templated":true}]}}