{"id":190551,"date":"2019-09-08T22:14:01","date_gmt":"2019-09-08T19:14:01","guid":{"rendered":"http:\/\/sana.sy\/tr\/?p=190551"},"modified":"2019-09-09T14:14:41","modified_gmt":"2019-09-09T11:14:41","slug":"mikdat-halklar-ve-isci-sinifi-arasindaki-dayanismanin-onemi-ve-zorlayici-ekonomik-icraatlar-karsisinda-enerji-seferberligi","status":"publish","type":"post","link":"https:\/\/archive.sana.sy\/tr\/?p=190551","title":{"rendered":"Mikdat: Halklar ve \u0130\u015f\u00e7i S\u0131n\u0131f\u0131 Aras\u0131ndaki Dayan\u0131\u015fman\u0131n \u00d6nemi ve Zorlay\u0131c\u0131 Ekonomik \u0130craatlar Kar\u015f\u0131s\u0131nda Enerji Seferberli\u011fi"},"content":{"rendered":"<p style=\"text-align: justify;\">\u015eAM &#8211; \u015eam K\u0131rsal\u0131nda Sahara Turistik Kompleksi&#8217;nde d\u00fczenlenen Suriye \u0130\u015f\u00e7ileri ve Halk\u0131yla Dayan\u0131\u015fma \u0130\u00e7in\u00a0 Uluslararas\u0131 Sendikalar 3. Forumu faaliyetlerini s\u00fcrd\u00fcrd\u00fc. Kat\u0131l\u0131mc\u0131lar, ter\u00f6rizmle m\u00fccadelede halklar\u0131n dayan\u0131\u015fmas\u0131n\u0131n \u00f6nemini vurgulayarak, halklar\u0131n g\u00fcvenli\u011fini ve egemenli\u011fini istikrars\u0131zla\u015ft\u0131rmay\u0131 ama\u00e7layan emperyalist m\u00fcdahaleler ve hegemonik e\u011filimlerle y\u00fczle\u015fmenin \u00f6nemini vurgulad\u0131.<\/p>\n<p style=\"text-align: justify;\"><a href=\"http:\/\/sana.sy\/tr\/wp-content\/uploads\/2019\/09\/22-4.jpg\"><img loading=\"lazy\" decoding=\"async\" class=\"alignright size-medium wp-image-190553\" src=\"http:\/\/sana.sy\/tr\/wp-content\/uploads\/2019\/09\/22-4-300x200.jpg\" alt=\"\" width=\"300\" height=\"200\" srcset=\"https:\/\/archive.sana.sy\/tr\/wp-content\/uploads\/2019\/09\/22-4-300x200.jpg 300w, https:\/\/archive.sana.sy\/tr\/wp-content\/uploads\/2019\/09\/22-4-150x100.jpg 150w, https:\/\/archive.sana.sy\/tr\/wp-content\/uploads\/2019\/09\/22-4.jpg 660w\" sizes=\"auto, (max-width: 300px) 100vw, 300px\" \/><\/a>Forumun ikinci oturumunda yapt\u0131\u011f\u0131 konu\u015fmada D\u0131\u015fi\u015fleri ve Gurbet\u00e7iler Bakan\u0131 Yard\u0131mc\u0131s\u0131 Faysal Mikdat, halklar ve i\u015f\u00e7i s\u0131n\u0131f\u0131 aras\u0131nda dayan\u0131\u015fman\u0131n ve ABD y\u00f6netimi taraf\u0131ndan \u00fclkelerine uygulanan zorlay\u0131c\u0131 ekonomik \u00f6nlemler kar\u015f\u0131s\u0131nda enerjilerin harekete ge\u00e7irilmesinin \u00f6nemini vurgulad\u0131.<\/p>\n<p style=\"text-align: justify;\">Mikdat, emperyalizmin ge\u00e7en y\u00fczy\u0131ldan bu yana \u00a0hala halklar\u0131n ayn\u0131 d\u00fc\u015fman\u0131 oldu\u011funa i\u015faret ederek, onlara kar\u015f\u0131 her t\u00fcrl\u00fc yanl\u0131\u015f bilgilendirme bi\u00e7imini uygulad\u0131\u011f\u0131n\u0131, onu hegemonyac\u0131l\u0131k ve tasalluta kar\u015f\u0131 koymadaki hedeflerinden sapt\u0131rma giri\u015fimlerini s\u00fcrd\u00fcrd\u00fc\u011f\u00fcn\u00fc ifade ederek, halklar\u0131n varolu\u015f davalar\u0131na kar\u015f\u0131 emperyalizmin uygulad\u0131\u011f\u0131 sald\u0131r\u0131yla m\u00fccadele etme zorunlulu\u011funu vurgulad\u0131.<\/p>\n<p style=\"text-align: justify;\">Amerika, M\u00fcttefikleri Ve \u0130\u015fbirlik\u00e7ileri, Halklar\u0131n \u0130steklerini Bast\u0131rmak Ve Ba\u015far\u0131lar\u0131n\u0131 Ortadan Kald\u0131rmak \u0130\u00e7in Giderek Daha Da H\u0131r\u00e7\u0131nla\u015ft\u0131<\/p>\n<p style=\"text-align: justify;\">Mikdat, Bat\u0131l\u0131 emperyalist propaganda d\u00fcnya halklar\u0131n\u0131 aldatma kampanyas\u0131n\u0131n yo\u011funla\u015ft\u0131r\u0131lmas\u0131n\u0131n ortam\u0131nda, Filistin halk\u0131n\u0131n hakl\u0131 davas\u0131n\u0131 s\u00f6zde &#8220;y\u00fczy\u0131l\u0131n anla\u015fmas\u0131&#8221; yoluyla tasfiye etmek i\u00e7in bug\u00fcnlerde olanlar\u0131n ciddiyeti konusunda uyararak, ABD&#8217;nin, m\u00fcttefikleri ve i\u015fbirlik\u00e7ilerinin, halklar\u0131n isteklerini bast\u0131rmak ve ba\u015far\u0131lar\u0131n\u0131 ortadan kald\u0131rmak i\u00e7in giderek daha da h\u0131r\u00e7\u0131n hale geldiklerini s\u00f6yledi.<\/p>\n<p style=\"text-align: justify;\"><a href=\"http:\/\/sana.sy\/tr\/wp-content\/uploads\/2019\/09\/23-4.jpg\"><img loading=\"lazy\" decoding=\"async\" class=\"alignright size-medium wp-image-190554\" src=\"http:\/\/sana.sy\/tr\/wp-content\/uploads\/2019\/09\/23-4-300x200.jpg\" alt=\"\" width=\"300\" height=\"200\" srcset=\"https:\/\/archive.sana.sy\/tr\/wp-content\/uploads\/2019\/09\/23-4-300x200.jpg 300w, https:\/\/archive.sana.sy\/tr\/wp-content\/uploads\/2019\/09\/23-4-150x100.jpg 150w, https:\/\/archive.sana.sy\/tr\/wp-content\/uploads\/2019\/09\/23-4.jpg 660w\" sizes=\"auto, (max-width: 300px) 100vw, 300px\" \/><\/a>Mikdat, b\u00fct\u00fcn halklar aras\u0131nda ger\u00e7ek bir dayan\u0131\u015fman\u0131n bulunmas\u0131 \u00e7a\u011fr\u0131s\u0131nda bulundu, \u00e7\u00fcnk\u00fc Bat\u0131 toplumlar\u0131ndaki y\u00f6netici kurumlar\u0131n halklar\u0131n, adalet ve davalar\u0131n\u0131 insaf etmek gibi de\u011ferleri ortadan kald\u0131rmaya \u00e7al\u0131\u015ft\u0131klar\u0131na dikkat \u00e7ekti.<\/p>\n<p style=\"text-align: justify;\">Mikdat, Suriye&#8217;nin ge\u00e7en sekiz y\u0131l boyunca ter\u00f6ristlerle birle\u015fmi\u015f ve m\u00fcttefik olan ve Suriyelilerin isteklerini \u00f6ld\u00fcrmeleri i\u00e7in Suriye&#8217;ye g\u00f6nderen k\u00fcresel emperyalizm g\u00fc\u00e7leriyle bir kar\u015f\u0131la\u015fma sava\u015f\u0131 verdi\u011fini dile getirdi.<\/p>\n<p style=\"text-align: justify;\">Mikdat, emperyalizmin Suriye sava\u015f\u0131ndaki hedefinin, b\u00f6lgedeki Amerikan ve Siyonist planlar\u0131n kar\u015f\u0131s\u0131nda duran, Filistin halk\u0131n\u0131n yan\u0131nda olan ve Suriyeli Arap Golan&#8217;\u0131 Siyonist i\u015fgalden kurtarmak i\u00e7in \u00e7al\u0131\u015fan ger\u00e7ek bir g\u00fc\u00e7 olarak, imha etmek oldu\u011funu s\u00f6yledi.<\/p>\n<p style=\"text-align: justify;\">Suriye\u2019ye kar\u015f\u0131 sava\u015f y\u0131llar\u0131 s\u0131ras\u0131nda Suriye devleti topraklar\u0131na iki y\u00fcz binden fazla ter\u00f6ristin ge\u00e7i\u015fini kolayla\u015ft\u0131rmakla T\u00fcrk rejiminin emperyalizmin yan\u0131nda oynad\u0131\u011f\u0131 role dikkat \u00e7eken Mikdat, ABD\u2019nin Irak\u2019\u0131 i\u015fgali yan\u0131 s\u0131ra M\u0131s\u0131r, Tunus ve Libya\u2019da cereyan edenlerin de, bu plan\u0131n bir par\u00e7as\u0131 oldu\u011funu dile getirdi.<\/p>\n<p style=\"text-align: justify;\">Mikdat, ter\u00f6rizme destek veren ve finanse eden di\u011fer \u00fclkelerin b\u00f6lgedeki Amerikan ve \u0130srail planlar\u0131ndan uzak olmad\u0131klar\u0131n\u0131, \u00e7\u00fcnk\u00fc ABD&#8217;nin kendilerine milyarlarca \u00f6deme yapan en yak\u0131n arkada\u015flar\u0131na bile sayg\u0131 g\u00f6stermedi\u011fini ve b\u00f6lgedeki planlar\u0131na kar\u015f\u0131 duran g\u00fc\u00e7l\u00fc bir devletin varl\u0131\u011f\u0131n\u0131 kabul etmeyece\u011fini vurgulad\u0131.<\/p>\n<p>\u00c7eviri: S.\u015eahut<\/p>\n<div id='gallery-1' class='gallery galleryid-190551 gallery-columns-3 gallery-size-full'><figure class='gallery-item'>\n\t\t\t<div class='gallery-icon landscape'>\n\t\t\t\t<a href='https:\/\/archive.sana.sy\/tr\/wp-content\/uploads\/2019\/09\/24-3.jpg'><img loading=\"lazy\" decoding=\"async\" width=\"660\" height=\"440\" src=\"https:\/\/archive.sana.sy\/tr\/wp-content\/uploads\/2019\/09\/24-3.jpg\" class=\"attachment-full size-full\" alt=\"\" srcset=\"https:\/\/archive.sana.sy\/tr\/wp-content\/uploads\/2019\/09\/24-3.jpg 660w, https:\/\/archive.sana.sy\/tr\/wp-content\/uploads\/2019\/09\/24-3-150x100.jpg 150w, https:\/\/archive.sana.sy\/tr\/wp-content\/uploads\/2019\/09\/24-3-300x200.jpg 300w\" sizes=\"auto, (max-width: 660px) 100vw, 660px\" \/><\/a>\n\t\t\t<\/div><\/figure><figure class='gallery-item'>\n\t\t\t<div class='gallery-icon landscape'>\n\t\t\t\t<a href='https:\/\/archive.sana.sy\/tr\/wp-content\/uploads\/2019\/09\/25-3.jpg'><img loading=\"lazy\" decoding=\"async\" width=\"660\" height=\"488\" src=\"https:\/\/archive.sana.sy\/tr\/wp-content\/uploads\/2019\/09\/25-3.jpg\" class=\"attachment-full size-full\" alt=\"\" srcset=\"https:\/\/archive.sana.sy\/tr\/wp-content\/uploads\/2019\/09\/25-3.jpg 660w, https:\/\/archive.sana.sy\/tr\/wp-content\/uploads\/2019\/09\/25-3-150x111.jpg 150w, https:\/\/archive.sana.sy\/tr\/wp-content\/uploads\/2019\/09\/25-3-300x222.jpg 300w\" sizes=\"auto, (max-width: 660px) 100vw, 660px\" \/><\/a>\n\t\t\t<\/div><\/figure><figure class='gallery-item'>\n\t\t\t<div class='gallery-icon landscape'>\n\t\t\t\t<a href='https:\/\/archive.sana.sy\/tr\/wp-content\/uploads\/2019\/09\/26-2.jpg'><img loading=\"lazy\" decoding=\"async\" width=\"660\" height=\"440\" src=\"https:\/\/archive.sana.sy\/tr\/wp-content\/uploads\/2019\/09\/26-2.jpg\" class=\"attachment-full size-full\" alt=\"\" srcset=\"https:\/\/archive.sana.sy\/tr\/wp-content\/uploads\/2019\/09\/26-2.jpg 660w, https:\/\/archive.sana.sy\/tr\/wp-content\/uploads\/2019\/09\/26-2-150x100.jpg 150w, https:\/\/archive.sana.sy\/tr\/wp-content\/uploads\/2019\/09\/26-2-300x200.jpg 300w\" sizes=\"auto, (max-width: 660px) 100vw, 660px\" \/><\/a>\n\t\t\t<\/div><\/figure><figure class='gallery-item'>\n\t\t\t<div class='gallery-icon landscape'>\n\t\t\t\t<a href='https:\/\/archive.sana.sy\/tr\/wp-content\/uploads\/2019\/09\/27-3.jpg'><img loading=\"lazy\" decoding=\"async\" width=\"660\" height=\"440\" src=\"https:\/\/archive.sana.sy\/tr\/wp-content\/uploads\/2019\/09\/27-3.jpg\" class=\"attachment-full size-full\" alt=\"\" srcset=\"https:\/\/archive.sana.sy\/tr\/wp-content\/uploads\/2019\/09\/27-3.jpg 660w, https:\/\/archive.sana.sy\/tr\/wp-content\/uploads\/2019\/09\/27-3-150x100.jpg 150w, https:\/\/archive.sana.sy\/tr\/wp-content\/uploads\/2019\/09\/27-3-300x200.jpg 300w\" sizes=\"auto, (max-width: 660px) 100vw, 660px\" \/><\/a>\n\t\t\t<\/div><\/figure><figure class='gallery-item'>\n\t\t\t<div class='gallery-icon landscape'>\n\t\t\t\t<a href='https:\/\/archive.sana.sy\/tr\/wp-content\/uploads\/2019\/09\/28-2.jpg'><img loading=\"lazy\" decoding=\"async\" width=\"660\" height=\"440\" src=\"https:\/\/archive.sana.sy\/tr\/wp-content\/uploads\/2019\/09\/28-2.jpg\" class=\"attachment-full size-full\" alt=\"\" srcset=\"https:\/\/archive.sana.sy\/tr\/wp-content\/uploads\/2019\/09\/28-2.jpg 660w, https:\/\/archive.sana.sy\/tr\/wp-content\/uploads\/2019\/09\/28-2-150x100.jpg 150w, https:\/\/archive.sana.sy\/tr\/wp-content\/uploads\/2019\/09\/28-2-300x200.jpg 300w\" sizes=\"auto, (max-width: 660px) 100vw, 660px\" \/><\/a>\n\t\t\t<\/div><\/figure><figure class='gallery-item'>\n\t\t\t<div class='gallery-icon landscape'>\n\t\t\t\t<a href='https:\/\/archive.sana.sy\/tr\/wp-content\/uploads\/2019\/09\/29-3.jpg'><img loading=\"lazy\" decoding=\"async\" width=\"660\" height=\"440\" src=\"https:\/\/archive.sana.sy\/tr\/wp-content\/uploads\/2019\/09\/29-3.jpg\" class=\"attachment-full size-full\" alt=\"\" srcset=\"https:\/\/archive.sana.sy\/tr\/wp-content\/uploads\/2019\/09\/29-3.jpg 660w, https:\/\/archive.sana.sy\/tr\/wp-content\/uploads\/2019\/09\/29-3-150x100.jpg 150w, https:\/\/archive.sana.sy\/tr\/wp-content\/uploads\/2019\/09\/29-3-300x200.jpg 300w\" sizes=\"auto, (max-width: 660px) 100vw, 660px\" \/><\/a>\n\t\t\t<\/div><\/figure>\n\t\t<\/div>\n\n","protected":false},"excerpt":{"rendered":"<p>\u015eAM &#8211; \u015eam K\u0131rsal\u0131nda Sahara Turistik Kompleksi&#8217;nde d\u00fczenlenen Suriye \u0130\u015f\u00e7ileri ve Halk\u0131yla Dayan\u0131\u015fma \u0130\u00e7in\u00a0 Uluslararas\u0131 Sendikalar 3. Forumu faaliyetlerini s\u00fcrd\u00fcrd\u00fc. Kat\u0131l\u0131mc\u0131lar, ter\u00f6rizmle m\u00fccadelede halklar\u0131n dayan\u0131\u015fmas\u0131n\u0131n \u00f6nemini vurgulayarak, halklar\u0131n g\u00fcvenli\u011fini ve egemenli\u011fini istikrars\u0131zla\u015ft\u0131rmay\u0131 ama\u00e7layan emperyalist m\u00fcdahaleler ve hegemonik e\u011filimlerle y\u00fczle\u015fmenin \u00f6nemini vurgulad\u0131. Forumun ikinci oturumunda yapt\u0131\u011f\u0131 konu\u015fmada D\u0131\u015fi\u015fleri ve Gurbet\u00e7iler Bakan\u0131 Yard\u0131mc\u0131s\u0131 Faysal Mikdat, halklar ve &hellip;<\/p>\n","protected":false},"author":1,"featured_media":190552,"comment_status":"closed","ping_status":"closed","sticky":false,"template":"","format":"standard","meta":{"footnotes":""},"categories":[596,479,17988,478],"tags":[],"class_list":["post-190551","post","type-post","status-publish","format-standard","has-post-thumbnail","","category-fotografli-raporlar","category-haberler-yerel","category-son-haberler","category-yerel"],"_links":{"self":[{"href":"https:\/\/archive.sana.sy\/tr\/index.php?rest_route=\/wp\/v2\/posts\/190551","targetHints":{"allow":["GET"]}}],"collection":[{"href":"https:\/\/archive.sana.sy\/tr\/index.php?rest_route=\/wp\/v2\/posts"}],"about":[{"href":"https:\/\/archive.sana.sy\/tr\/index.php?rest_route=\/wp\/v2\/types\/post"}],"author":[{"embeddable":true,"href":"https:\/\/archive.sana.sy\/tr\/index.php?rest_route=\/wp\/v2\/users\/1"}],"replies":[{"embeddable":true,"href":"https:\/\/archive.sana.sy\/tr\/index.php?rest_route=%2Fwp%2Fv2%2Fcomments&post=190551"}],"version-history":[{"count":0,"href":"https:\/\/archive.sana.sy\/tr\/index.php?rest_route=\/wp\/v2\/posts\/190551\/revisions"}],"wp:featuredmedia":[{"embeddable":true,"href":"https:\/\/archive.sana.sy\/tr\/index.php?rest_route=\/wp\/v2\/media\/190552"}],"wp:attachment":[{"href":"https:\/\/archive.sana.sy\/tr\/index.php?rest_route=%2Fwp%2Fv2%2Fmedia&parent=190551"}],"wp:term":[{"taxonomy":"category","embeddable":true,"href":"https:\/\/archive.sana.sy\/tr\/index.php?rest_route=%2Fwp%2Fv2%2Fcategories&post=190551"},{"taxonomy":"post_tag","embeddable":true,"href":"https:\/\/archive.sana.sy\/tr\/index.php?rest_route=%2Fwp%2Fv2%2Ftags&post=190551"}],"curies":[{"name":"wp","href":"https:\/\/api.w.org\/{rel}","templated":true}]}}