{"id":190562,"date":"2019-09-08T18:46:21","date_gmt":"2019-09-08T15:46:21","guid":{"rendered":"http:\/\/sana.sy\/tr\/?p=190562"},"modified":"2019-09-09T14:22:03","modified_gmt":"2019-09-09T11:22:03","slug":"hz-meryemin-dogum-gunuyle-ilgili-bayan-saydnaya-patriklik-manastirinda-ayin-duzenlendi","status":"publish","type":"post","link":"https:\/\/archive.sana.sy\/tr\/?p=190562","title":{"rendered":"Hz. Meryem&#8217;in Milad\u0131 Ayinle Kutland\u0131 (V\u0130DEO)"},"content":{"rendered":"<p style=\"text-align: justify;\">\u015eAM \u2013 Bayan Saydnaya Patriklik Manast\u0131r\u0131nda bug\u00fcn Hz Meryem&#8217;in Milad\u0131 m\u00fcnasebetiyle Antakya ve T\u00fcm Do\u011fu Rum Ortodokslar Patri\u011fi Patrik Luka el Huri ba\u015fkanl\u0131\u011f\u0131nda b\u00fcy\u00fck bir ayin d\u00fczenlendi.<\/p>\n<p style=\"text-align: justify;\"><a href=\"http:\/\/sana.sy\/tr\/wp-content\/uploads\/2019\/09\/2-7.jpg\"><img loading=\"lazy\" decoding=\"async\" class=\"alignright size-medium wp-image-190564\" src=\"http:\/\/sana.sy\/tr\/wp-content\/uploads\/2019\/09\/2-7-300x201.jpg\" alt=\"\" width=\"300\" height=\"201\" srcset=\"https:\/\/archive.sana.sy\/tr\/wp-content\/uploads\/2019\/09\/2-7-300x201.jpg 300w, https:\/\/archive.sana.sy\/tr\/wp-content\/uploads\/2019\/09\/2-7-150x101.jpg 150w, https:\/\/archive.sana.sy\/tr\/wp-content\/uploads\/2019\/09\/2-7-110x75.jpg 110w, https:\/\/archive.sana.sy\/tr\/wp-content\/uploads\/2019\/09\/2-7.jpg 660w\" sizes=\"auto, (max-width: 300px) 100vw, 300px\" \/><\/a>Ayine Patrik yard\u0131mc\u0131lar\u0131 Piskoposlar Musa el Huri ve Yuhanna el Bat\u015f kat\u0131ld\u0131.<\/p>\n<p style=\"text-align: justify;\">Piskopos el Bat\u015f bu m\u00fcnasebetle yapt\u0131\u011f\u0131 konu\u015fmas\u0131nda, Suriye halk\u0131n\u0131n topra\u011f\u0131, k\u00f6kleri ve ilkelerine ba\u011fl\u0131 oldu\u011funu ve Alah&#8217;\u0131n sevgisini esirgemedi\u011fi rahmetine ba\u011fland\u0131\u011f\u0131n\u0131 belirterek, zafer sevinci ve sevgili vatan\u0131m\u0131z\u0131n iyile\u015fmesiyle ta\u00e7lanan bu kutlaman\u0131n, sevgi bayram\u0131 ve karde\u015fin karde\u015fine olan g\u00fcven kutlamas\u0131 oldu\u011funa dikkat \u00e7ekti.<\/p>\n<p style=\"text-align: justify;\">Piskopos el Bat\u015f, konu\u015fmas\u0131n\u0131 kalplerimizin yumu\u015famas\u0131 ile Suriye ve b\u00fct\u00fcn d\u00fcnyada bar\u0131\u015f\u0131n sa\u011flanmas\u0131 dualar\u0131nda bulundu.<\/p>\n<p style=\"text-align: justify;\">Hz. Meryem&#8217;in (a.s) Milad\u0131n\u0131n kutlamalar\u0131 d\u00fcn ak\u015fam Arap ve yabanc\u0131 \u00fclkelerden \u00e7ok say\u0131da vatanda\u015f\u0131n kat\u0131l\u0131m\u0131yla ba\u015flam\u0131\u015f, belde sokaklar\u0131nda y\u00fcr\u00fcy\u00fc\u015f ve Manast\u0131ra var\u0131\u015f ile bu m\u00fcnasebetle d\u00fczenlenen ayini i\u00e7ermi\u015fti.<\/p>\n<p>\u00c7eviri: S.\u015eahut<\/p>\n<p><iframe loading=\"lazy\" src=\"https:\/\/www.youtube.com\/embed\/_j5lEvhDbUs\" width=\"620\" height=\"348\" frameborder=\"0\" allowfullscreen=\"allowfullscreen\"><\/iframe><\/p>\n<div id='gallery-1' class='gallery galleryid-190562 gallery-columns-2 gallery-size-full'><figure class='gallery-item'>\n\t\t\t<div class='gallery-icon landscape'>\n\t\t\t\t<a href='https:\/\/archive.sana.sy\/tr\/wp-content\/uploads\/2019\/09\/7-5.jpg'><img loading=\"lazy\" decoding=\"async\" width=\"660\" height=\"439\" src=\"https:\/\/archive.sana.sy\/tr\/wp-content\/uploads\/2019\/09\/7-5.jpg\" class=\"attachment-full size-full\" alt=\"\" srcset=\"https:\/\/archive.sana.sy\/tr\/wp-content\/uploads\/2019\/09\/7-5.jpg 660w, https:\/\/archive.sana.sy\/tr\/wp-content\/uploads\/2019\/09\/7-5-150x100.jpg 150w, https:\/\/archive.sana.sy\/tr\/wp-content\/uploads\/2019\/09\/7-5-300x200.jpg 300w, https:\/\/archive.sana.sy\/tr\/wp-content\/uploads\/2019\/09\/7-5-310x205.jpg 310w\" sizes=\"auto, (max-width: 660px) 100vw, 660px\" \/><\/a>\n\t\t\t<\/div><\/figure><figure class='gallery-item'>\n\t\t\t<div class='gallery-icon landscape'>\n\t\t\t\t<a href='https:\/\/archive.sana.sy\/tr\/wp-content\/uploads\/2019\/09\/4-5.jpg'><img loading=\"lazy\" decoding=\"async\" width=\"660\" height=\"439\" src=\"https:\/\/archive.sana.sy\/tr\/wp-content\/uploads\/2019\/09\/4-5.jpg\" class=\"attachment-full size-full\" alt=\"\" srcset=\"https:\/\/archive.sana.sy\/tr\/wp-content\/uploads\/2019\/09\/4-5.jpg 660w, https:\/\/archive.sana.sy\/tr\/wp-content\/uploads\/2019\/09\/4-5-150x100.jpg 150w, https:\/\/archive.sana.sy\/tr\/wp-content\/uploads\/2019\/09\/4-5-300x200.jpg 300w, https:\/\/archive.sana.sy\/tr\/wp-content\/uploads\/2019\/09\/4-5-310x205.jpg 310w\" sizes=\"auto, (max-width: 660px) 100vw, 660px\" \/><\/a>\n\t\t\t<\/div><\/figure><figure class='gallery-item'>\n\t\t\t<div class='gallery-icon landscape'>\n\t\t\t\t<a href='https:\/\/archive.sana.sy\/tr\/wp-content\/uploads\/2019\/09\/5-5.jpg'><img loading=\"lazy\" decoding=\"async\" width=\"660\" height=\"430\" src=\"https:\/\/archive.sana.sy\/tr\/wp-content\/uploads\/2019\/09\/5-5.jpg\" class=\"attachment-full size-full\" alt=\"\" srcset=\"https:\/\/archive.sana.sy\/tr\/wp-content\/uploads\/2019\/09\/5-5.jpg 660w, https:\/\/archive.sana.sy\/tr\/wp-content\/uploads\/2019\/09\/5-5-150x98.jpg 150w, https:\/\/archive.sana.sy\/tr\/wp-content\/uploads\/2019\/09\/5-5-300x195.jpg 300w\" sizes=\"auto, (max-width: 660px) 100vw, 660px\" \/><\/a>\n\t\t\t<\/div><\/figure><figure class='gallery-item'>\n\t\t\t<div class='gallery-icon landscape'>\n\t\t\t\t<a href='https:\/\/archive.sana.sy\/tr\/wp-content\/uploads\/2019\/09\/6-4.jpg'><img loading=\"lazy\" decoding=\"async\" width=\"660\" height=\"439\" src=\"https:\/\/archive.sana.sy\/tr\/wp-content\/uploads\/2019\/09\/6-4.jpg\" class=\"attachment-full size-full\" alt=\"\" srcset=\"https:\/\/archive.sana.sy\/tr\/wp-content\/uploads\/2019\/09\/6-4.jpg 660w, https:\/\/archive.sana.sy\/tr\/wp-content\/uploads\/2019\/09\/6-4-150x100.jpg 150w, https:\/\/archive.sana.sy\/tr\/wp-content\/uploads\/2019\/09\/6-4-300x200.jpg 300w, https:\/\/archive.sana.sy\/tr\/wp-content\/uploads\/2019\/09\/6-4-310x205.jpg 310w\" sizes=\"auto, (max-width: 660px) 100vw, 660px\" \/><\/a>\n\t\t\t<\/div><\/figure>\n\t\t<\/div>\n\n","protected":false},"excerpt":{"rendered":"<p>\u015eAM \u2013 Bayan Saydnaya Patriklik Manast\u0131r\u0131nda bug\u00fcn Hz Meryem&#8217;in Milad\u0131 m\u00fcnasebetiyle Antakya ve T\u00fcm Do\u011fu Rum Ortodokslar Patri\u011fi Patrik Luka el Huri ba\u015fkanl\u0131\u011f\u0131nda b\u00fcy\u00fck bir ayin d\u00fczenlendi. Ayine Patrik yard\u0131mc\u0131lar\u0131 Piskoposlar Musa el Huri ve Yuhanna el Bat\u015f kat\u0131ld\u0131. Piskopos el Bat\u015f bu m\u00fcnasebetle yapt\u0131\u011f\u0131 konu\u015fmas\u0131nda, Suriye halk\u0131n\u0131n topra\u011f\u0131, k\u00f6kleri ve ilkelerine ba\u011fl\u0131 oldu\u011funu ve &hellip;<\/p>\n","protected":false},"author":1,"featured_media":190563,"comment_status":"closed","ping_status":"closed","sticky":false,"template":"","format":"standard","meta":{"footnotes":""},"categories":[596,516,479,511,17988,478],"tags":[],"class_list":["post-190562","post","type-post","status-publish","format-standard","has-post-thumbnail","","category-fotografli-raporlar","category-haberler-kultur-ve-sanat","category-haberler-yerel","category-kultur-ve-sanat","category-son-haberler","category-yerel"],"_links":{"self":[{"href":"https:\/\/archive.sana.sy\/tr\/index.php?rest_route=\/wp\/v2\/posts\/190562","targetHints":{"allow":["GET"]}}],"collection":[{"href":"https:\/\/archive.sana.sy\/tr\/index.php?rest_route=\/wp\/v2\/posts"}],"about":[{"href":"https:\/\/archive.sana.sy\/tr\/index.php?rest_route=\/wp\/v2\/types\/post"}],"author":[{"embeddable":true,"href":"https:\/\/archive.sana.sy\/tr\/index.php?rest_route=\/wp\/v2\/users\/1"}],"replies":[{"embeddable":true,"href":"https:\/\/archive.sana.sy\/tr\/index.php?rest_route=%2Fwp%2Fv2%2Fcomments&post=190562"}],"version-history":[{"count":0,"href":"https:\/\/archive.sana.sy\/tr\/index.php?rest_route=\/wp\/v2\/posts\/190562\/revisions"}],"wp:featuredmedia":[{"embeddable":true,"href":"https:\/\/archive.sana.sy\/tr\/index.php?rest_route=\/wp\/v2\/media\/190563"}],"wp:attachment":[{"href":"https:\/\/archive.sana.sy\/tr\/index.php?rest_route=%2Fwp%2Fv2%2Fmedia&parent=190562"}],"wp:term":[{"taxonomy":"category","embeddable":true,"href":"https:\/\/archive.sana.sy\/tr\/index.php?rest_route=%2Fwp%2Fv2%2Fcategories&post=190562"},{"taxonomy":"post_tag","embeddable":true,"href":"https:\/\/archive.sana.sy\/tr\/index.php?rest_route=%2Fwp%2Fv2%2Ftags&post=190562"}],"curies":[{"name":"wp","href":"https:\/\/api.w.org\/{rel}","templated":true}]}}