{"id":190571,"date":"2019-09-09T14:12:44","date_gmt":"2019-09-09T11:12:44","guid":{"rendered":"http:\/\/www.sana.sy\/tr\/?p=190571"},"modified":"2019-09-11T14:07:18","modified_gmt":"2019-09-11T11:07:18","slug":"lubnan-ulusal-direnisi-israilli-bir-ihayi-dusurdu","status":"publish","type":"post","link":"https:\/\/archive.sana.sy\/tr\/?p=190571","title":{"rendered":"L\u00fcbnan Ulusal Direni\u015fi \u0130srailli Bir \u0130HA\u2019y\u0131 D\u00fc\u015f\u00fcrd\u00fc"},"content":{"rendered":"<p>BEYRUT \u2013 L\u00fcbnan Ulusal Direni\u015f G\u00fc\u00e7leri bug\u00fcn \u015fafak saatlerinde i\u015fgal alt\u0131ndaki Filistin topraklar\u0131 \u00fczerinden L\u00fcbnan s\u0131n\u0131rlar\u0131n\u0131 a\u015farak G\u00fcney Ramiye Beldesi semalar\u0131na giren \u0130srailli insans\u0131z bir hava arac\u0131n\u0131 d\u00fc\u015f\u00fcrd\u00fcklerini ilan etti.<\/p>\n<p>Direni\u015f g\u00fc\u00e7leri yay\u0131nlad\u0131\u011f\u0131 beyanda; direni\u015f\u00e7ilerin L\u00fcbnan\u2019\u0131n g\u00fcneyinde yer alan G\u00fcney Ramiye Beldesi etraf\u0131nda \u0130srailli bir \u0130HA\u2019ya kar\u015f\u0131 koyup uygun silahlarla etkisiz hale getirilip ele ge\u00e7irildi\u011fini belirtti.<\/p>\n<p>\u0130\u015fgalci \u0130srail bombal\u0131 insans\u0131z hava ara\u00e7lar\u0131 ile s\u00fcrekli olarak L\u00fcbnan\u2019\u0131n egemenli\u011fini ihlal etmesiyle birka\u00e7 g\u00fcn \u00f6nce yine \u0130srailli 2 \u0130HA G\u00fcney Banliy\u00f6s\u00fcnde sivil yerle\u015fim binalar\u0131 \u00fczerine d\u00fc\u015fm\u00fc\u015flerdi.<\/p>\n","protected":false},"excerpt":{"rendered":"<p>BEYRUT \u2013 L\u00fcbnan Ulusal Direni\u015f G\u00fc\u00e7leri bug\u00fcn \u015fafak saatlerinde i\u015fgal alt\u0131ndaki Filistin topraklar\u0131 \u00fczerinden L\u00fcbnan s\u0131n\u0131rlar\u0131n\u0131 a\u015farak G\u00fcney Ramiye Beldesi semalar\u0131na giren \u0130srailli insans\u0131z bir hava arac\u0131n\u0131 d\u00fc\u015f\u00fcrd\u00fcklerini ilan etti. Direni\u015f g\u00fc\u00e7leri yay\u0131nlad\u0131\u011f\u0131 beyanda; direni\u015f\u00e7ilerin L\u00fcbnan\u2019\u0131n g\u00fcneyinde yer alan G\u00fcney Ramiye Beldesi etraf\u0131nda \u0130srailli bir \u0130HA\u2019ya kar\u015f\u0131 koyup uygun silahlarla etkisiz hale getirilip ele ge\u00e7irildi\u011fini &hellip;<\/p>\n","protected":false},"author":1,"featured_media":190578,"comment_status":"closed","ping_status":"closed","sticky":false,"template":"","format":"standard","meta":{"footnotes":""},"categories":[458,459,17988],"tags":[],"class_list":["post-190571","post","type-post","status-publish","format-standard","has-post-thumbnail","","category-dunya1","category-haberler-arap-uluslararasi-politika","category-son-haberler"],"_links":{"self":[{"href":"https:\/\/archive.sana.sy\/tr\/index.php?rest_route=\/wp\/v2\/posts\/190571","targetHints":{"allow":["GET"]}}],"collection":[{"href":"https:\/\/archive.sana.sy\/tr\/index.php?rest_route=\/wp\/v2\/posts"}],"about":[{"href":"https:\/\/archive.sana.sy\/tr\/index.php?rest_route=\/wp\/v2\/types\/post"}],"author":[{"embeddable":true,"href":"https:\/\/archive.sana.sy\/tr\/index.php?rest_route=\/wp\/v2\/users\/1"}],"replies":[{"embeddable":true,"href":"https:\/\/archive.sana.sy\/tr\/index.php?rest_route=%2Fwp%2Fv2%2Fcomments&post=190571"}],"version-history":[{"count":0,"href":"https:\/\/archive.sana.sy\/tr\/index.php?rest_route=\/wp\/v2\/posts\/190571\/revisions"}],"wp:featuredmedia":[{"embeddable":true,"href":"https:\/\/archive.sana.sy\/tr\/index.php?rest_route=\/wp\/v2\/media\/190578"}],"wp:attachment":[{"href":"https:\/\/archive.sana.sy\/tr\/index.php?rest_route=%2Fwp%2Fv2%2Fmedia&parent=190571"}],"wp:term":[{"taxonomy":"category","embeddable":true,"href":"https:\/\/archive.sana.sy\/tr\/index.php?rest_route=%2Fwp%2Fv2%2Fcategories&post=190571"},{"taxonomy":"post_tag","embeddable":true,"href":"https:\/\/archive.sana.sy\/tr\/index.php?rest_route=%2Fwp%2Fv2%2Ftags&post=190571"}],"curies":[{"name":"wp","href":"https:\/\/api.w.org\/{rel}","templated":true}]}}