{"id":190583,"date":"2019-09-09T15:01:51","date_gmt":"2019-09-09T12:01:51","guid":{"rendered":"http:\/\/www.sana.sy\/tr\/?p=190583"},"modified":"2019-09-11T14:07:22","modified_gmt":"2019-09-11T11:07:22","slug":"9-yasindaki-ressam-sergi-duzenliyor","status":"publish","type":"post","link":"https:\/\/archive.sana.sy\/tr\/?p=190583","title":{"rendered":"9 Ya\u015f\u0131ndaki Ressam Sergi D\u00fczenliyor"},"content":{"rendered":"<p>\u015eAM \u2013 Hen\u00fcz dokuz ya\u015flar\u0131nda olan Hadi Harfu\u015f k\u00fc\u00e7\u00fck ya\u015f\u0131na ra\u011fmen kendine has tekniklerle resmetti\u011fi tablolar\u0131 ba\u015fkent \u015eam\u2019daki Ebu Rummane K\u00fclt\u00fcr Sanat Merkezinde sergiliyor.<\/p>\n<p>K\u00fc\u00e7\u00fck ressam Harfu\u015f ya\u011fl\u0131 boya ve akrilik boya ile ka\u011f\u0131t ve ka\u011f\u0131t mendil \u00fczerine resmetti\u011fi 40 tablosunda ki\u015fisel ve psikolojik tepkilerini resmetmeye \u00e7al\u0131\u015ft\u0131\u011f\u0131n\u0131 s\u00f6yledi.<\/p>\n<p>K\u00fc\u00e7\u00fck ressam\u0131n annesi Yasemin Han\u0131m ise; \u00e7ocu\u011funun k\u00fc\u00e7\u00fck ya\u015flar\u0131nda resim hobisini ba\u015far\u0131yla sergilemesiyle bu hobisini te\u015fvik edip geli\u015ftirmesine yard\u0131m ettiklerini s\u00f6yledi.<\/p>\n<div id='gallery-1' class='gallery galleryid-190583 gallery-columns-1 gallery-size-full'><figure class='gallery-item'>\n\t\t\t<div class='gallery-icon landscape'>\n\t\t\t\t<a href='https:\/\/archive.sana.sy\/tr\/wp-content\/uploads\/2019\/09\/5-85.jpg'><img loading=\"lazy\" decoding=\"async\" width=\"660\" height=\"374\" src=\"https:\/\/archive.sana.sy\/tr\/wp-content\/uploads\/2019\/09\/5-85.jpg\" class=\"attachment-full size-full\" alt=\"\" srcset=\"https:\/\/archive.sana.sy\/tr\/wp-content\/uploads\/2019\/09\/5-85.jpg 660w, https:\/\/archive.sana.sy\/tr\/wp-content\/uploads\/2019\/09\/5-85-150x85.jpg 150w, https:\/\/archive.sana.sy\/tr\/wp-content\/uploads\/2019\/09\/5-85-300x170.jpg 300w\" sizes=\"auto, (max-width: 660px) 100vw, 660px\" \/><\/a>\n\t\t\t<\/div><\/figure><figure class='gallery-item'>\n\t\t\t<div class='gallery-icon landscape'>\n\t\t\t\t<a href='https:\/\/archive.sana.sy\/tr\/wp-content\/uploads\/2019\/09\/33-13.jpg'><img loading=\"lazy\" decoding=\"async\" width=\"660\" height=\"382\" src=\"https:\/\/archive.sana.sy\/tr\/wp-content\/uploads\/2019\/09\/33-13.jpg\" class=\"attachment-full size-full\" alt=\"\" srcset=\"https:\/\/archive.sana.sy\/tr\/wp-content\/uploads\/2019\/09\/33-13.jpg 660w, https:\/\/archive.sana.sy\/tr\/wp-content\/uploads\/2019\/09\/33-13-150x87.jpg 150w, https:\/\/archive.sana.sy\/tr\/wp-content\/uploads\/2019\/09\/33-13-300x174.jpg 300w\" sizes=\"auto, (max-width: 660px) 100vw, 660px\" \/><\/a>\n\t\t\t<\/div><\/figure><figure class='gallery-item'>\n\t\t\t<div class='gallery-icon landscape'>\n\t\t\t\t<a href='https:\/\/archive.sana.sy\/tr\/wp-content\/uploads\/2019\/09\/55-11.jpg'><img loading=\"lazy\" decoding=\"async\" width=\"660\" height=\"413\" src=\"https:\/\/archive.sana.sy\/tr\/wp-content\/uploads\/2019\/09\/55-11.jpg\" class=\"attachment-full size-full\" alt=\"\" srcset=\"https:\/\/archive.sana.sy\/tr\/wp-content\/uploads\/2019\/09\/55-11.jpg 660w, https:\/\/archive.sana.sy\/tr\/wp-content\/uploads\/2019\/09\/55-11-150x94.jpg 150w, https:\/\/archive.sana.sy\/tr\/wp-content\/uploads\/2019\/09\/55-11-300x188.jpg 300w\" sizes=\"auto, (max-width: 660px) 100vw, 660px\" \/><\/a>\n\t\t\t<\/div><\/figure><figure class='gallery-item'>\n\t\t\t<div class='gallery-icon landscape'>\n\t\t\t\t<a href='https:\/\/archive.sana.sy\/tr\/wp-content\/uploads\/2019\/09\/111-16.jpg'><img loading=\"lazy\" decoding=\"async\" width=\"660\" height=\"370\" src=\"https:\/\/archive.sana.sy\/tr\/wp-content\/uploads\/2019\/09\/111-16.jpg\" class=\"attachment-full size-full\" alt=\"\" srcset=\"https:\/\/archive.sana.sy\/tr\/wp-content\/uploads\/2019\/09\/111-16.jpg 660w, https:\/\/archive.sana.sy\/tr\/wp-content\/uploads\/2019\/09\/111-16-150x84.jpg 150w, https:\/\/archive.sana.sy\/tr\/wp-content\/uploads\/2019\/09\/111-16-300x168.jpg 300w\" sizes=\"auto, (max-width: 660px) 100vw, 660px\" \/><\/a>\n\t\t\t<\/div><\/figure><figure class='gallery-item'>\n\t\t\t<div class='gallery-icon portrait'>\n\t\t\t\t<a href='https:\/\/archive.sana.sy\/tr\/wp-content\/uploads\/2019\/09\/3-104.jpg'><img loading=\"lazy\" decoding=\"async\" width=\"660\" height=\"880\" src=\"https:\/\/archive.sana.sy\/tr\/wp-content\/uploads\/2019\/09\/3-104.jpg\" class=\"attachment-full size-full\" alt=\"\" srcset=\"https:\/\/archive.sana.sy\/tr\/wp-content\/uploads\/2019\/09\/3-104.jpg 660w, https:\/\/archive.sana.sy\/tr\/wp-content\/uploads\/2019\/09\/3-104-113x150.jpg 113w, https:\/\/archive.sana.sy\/tr\/wp-content\/uploads\/2019\/09\/3-104-225x300.jpg 225w\" sizes=\"auto, (max-width: 660px) 100vw, 660px\" \/><\/a>\n\t\t\t<\/div><\/figure>\n\t\t<\/div>\n\n","protected":false},"excerpt":{"rendered":"<p>\u015eAM \u2013 Hen\u00fcz dokuz ya\u015flar\u0131nda olan Hadi Harfu\u015f k\u00fc\u00e7\u00fck ya\u015f\u0131na ra\u011fmen kendine has tekniklerle resmetti\u011fi tablolar\u0131 ba\u015fkent \u015eam\u2019daki Ebu Rummane K\u00fclt\u00fcr Sanat Merkezinde sergiliyor. K\u00fc\u00e7\u00fck ressam Harfu\u015f ya\u011fl\u0131 boya ve akrilik boya ile ka\u011f\u0131t ve ka\u011f\u0131t mendil \u00fczerine resmetti\u011fi 40 tablosunda ki\u015fisel ve psikolojik tepkilerini resmetmeye \u00e7al\u0131\u015ft\u0131\u011f\u0131n\u0131 s\u00f6yledi. K\u00fc\u00e7\u00fck ressam\u0131n annesi Yasemin Han\u0131m ise; \u00e7ocu\u011funun &hellip;<\/p>\n","protected":false},"author":1,"featured_media":190591,"comment_status":"closed","ping_status":"closed","sticky":false,"template":"","format":"standard","meta":{"footnotes":""},"categories":[596,516,479,511,17988,478],"tags":[],"class_list":["post-190583","post","type-post","status-publish","format-standard","has-post-thumbnail","","category-fotografli-raporlar","category-haberler-kultur-ve-sanat","category-haberler-yerel","category-kultur-ve-sanat","category-son-haberler","category-yerel"],"_links":{"self":[{"href":"https:\/\/archive.sana.sy\/tr\/index.php?rest_route=\/wp\/v2\/posts\/190583","targetHints":{"allow":["GET"]}}],"collection":[{"href":"https:\/\/archive.sana.sy\/tr\/index.php?rest_route=\/wp\/v2\/posts"}],"about":[{"href":"https:\/\/archive.sana.sy\/tr\/index.php?rest_route=\/wp\/v2\/types\/post"}],"author":[{"embeddable":true,"href":"https:\/\/archive.sana.sy\/tr\/index.php?rest_route=\/wp\/v2\/users\/1"}],"replies":[{"embeddable":true,"href":"https:\/\/archive.sana.sy\/tr\/index.php?rest_route=%2Fwp%2Fv2%2Fcomments&post=190583"}],"version-history":[{"count":0,"href":"https:\/\/archive.sana.sy\/tr\/index.php?rest_route=\/wp\/v2\/posts\/190583\/revisions"}],"wp:featuredmedia":[{"embeddable":true,"href":"https:\/\/archive.sana.sy\/tr\/index.php?rest_route=\/wp\/v2\/media\/190591"}],"wp:attachment":[{"href":"https:\/\/archive.sana.sy\/tr\/index.php?rest_route=%2Fwp%2Fv2%2Fmedia&parent=190583"}],"wp:term":[{"taxonomy":"category","embeddable":true,"href":"https:\/\/archive.sana.sy\/tr\/index.php?rest_route=%2Fwp%2Fv2%2Fcategories&post=190583"},{"taxonomy":"post_tag","embeddable":true,"href":"https:\/\/archive.sana.sy\/tr\/index.php?rest_route=%2Fwp%2Fv2%2Ftags&post=190583"}],"curies":[{"name":"wp","href":"https:\/\/api.w.org\/{rel}","templated":true}]}}