{"id":190611,"date":"2019-09-09T13:10:35","date_gmt":"2019-09-09T10:10:35","guid":{"rendered":"http:\/\/www.sana.sy\/tr\/?p=190611"},"modified":"2019-09-11T14:07:09","modified_gmt":"2019-09-11T11:07:09","slug":"deyrezzorda-tahil-satisi-devam-ediyor-2","status":"publish","type":"post","link":"https:\/\/archive.sana.sy\/tr\/?p=190611","title":{"rendered":"Deyrezzor\u2019da Tah\u0131l Sat\u0131\u015f\u0131 Devam Ediyor"},"content":{"rendered":"<p>DEYREZZOR \u2013 Deyrezzor \u00e7ift\u00e7ileri sezon tah\u0131llar\u0131n\u0131 Tah\u0131\u015f Kamu Kurumuna satmaya devam etmeleriyle g\u00fcn\u00fcm\u00fcze dek kuruma sat\u0131lan tah\u0131l miktar\u0131 11 bin ton 600 tonu a\u015ft\u0131.<\/p>\n<p>Tah\u0131l Kurumunun Deyrezzor \u0130l \u015eube M\u00fcd\u00fcr\u00fc Edip Rekkad Deyrezzorlu \u00e7ift\u00e7ilerin \u015fu ana dek F\u0131rat Tah\u0131l Merkezine 9 bin ve Meyadin Tah\u0131l Merkezine 2 bin 600 olmak \u00fczere toplam 11 bin 600 ton tah\u0131l\u0131 satt\u0131klar\u0131n\u0131 a\u00e7\u0131klad\u0131.<\/p>\n<p>Rekkad \u00e7ift\u00e7ilerin sezon tah\u0131llar\u0131n\u0131 kuruma satma ve paras\u0131n\u0131 alma icraatlar\u0131n\u0131n gayet iyi bir seyir g\u00f6sterdi\u011fini ifade ederken, devletin \u00e7ift\u00e7ilere deste\u011fi ve te\u015fvik icraatlar\u0131na da dikkat \u00e7ekti.<\/p>\n<p>Ziraat Bankas\u0131n\u0131n Deyrezzor \u0130l M\u00fcd\u00fcr\u00fc Bessam Kuseyri ise Tah\u0131l Kurumunun banka arac\u0131l\u0131\u011f\u0131 ile \u015fu ana dek \u00e7ift\u00e7ilere yapt\u0131\u011f\u0131 \u00f6demelerin hacminin 3 milyar liray\u0131 a\u015ft\u0131\u011f\u0131n\u0131 a\u00e7\u0131klad\u0131.<\/p>\n","protected":false},"excerpt":{"rendered":"<p>DEYREZZOR \u2013 Deyrezzor \u00e7ift\u00e7ileri sezon tah\u0131llar\u0131n\u0131 Tah\u0131\u015f Kamu Kurumuna satmaya devam etmeleriyle g\u00fcn\u00fcm\u00fcze dek kuruma sat\u0131lan tah\u0131l miktar\u0131 11 bin ton 600 tonu a\u015ft\u0131. Tah\u0131l Kurumunun Deyrezzor \u0130l \u015eube M\u00fcd\u00fcr\u00fc Edip Rekkad Deyrezzorlu \u00e7ift\u00e7ilerin \u015fu ana dek F\u0131rat Tah\u0131l Merkezine 9 bin ve Meyadin Tah\u0131l Merkezine 2 bin 600 olmak \u00fczere toplam 11 bin 600 &hellip;<\/p>\n","protected":false},"author":1,"featured_media":190612,"comment_status":"closed","ping_status":"closed","sticky":false,"template":"","format":"standard","meta":{"footnotes":""},"categories":[485,479,486,17988,478],"tags":[],"class_list":["post-190611","post","type-post","status-publish","format-standard","has-post-thumbnail","","category-is-ve-sermaye","category-haberler-yerel","category-haberler-is-ve-sermaye","category-son-haberler","category-yerel"],"_links":{"self":[{"href":"https:\/\/archive.sana.sy\/tr\/index.php?rest_route=\/wp\/v2\/posts\/190611","targetHints":{"allow":["GET"]}}],"collection":[{"href":"https:\/\/archive.sana.sy\/tr\/index.php?rest_route=\/wp\/v2\/posts"}],"about":[{"href":"https:\/\/archive.sana.sy\/tr\/index.php?rest_route=\/wp\/v2\/types\/post"}],"author":[{"embeddable":true,"href":"https:\/\/archive.sana.sy\/tr\/index.php?rest_route=\/wp\/v2\/users\/1"}],"replies":[{"embeddable":true,"href":"https:\/\/archive.sana.sy\/tr\/index.php?rest_route=%2Fwp%2Fv2%2Fcomments&post=190611"}],"version-history":[{"count":0,"href":"https:\/\/archive.sana.sy\/tr\/index.php?rest_route=\/wp\/v2\/posts\/190611\/revisions"}],"wp:featuredmedia":[{"embeddable":true,"href":"https:\/\/archive.sana.sy\/tr\/index.php?rest_route=\/wp\/v2\/media\/190612"}],"wp:attachment":[{"href":"https:\/\/archive.sana.sy\/tr\/index.php?rest_route=%2Fwp%2Fv2%2Fmedia&parent=190611"}],"wp:term":[{"taxonomy":"category","embeddable":true,"href":"https:\/\/archive.sana.sy\/tr\/index.php?rest_route=%2Fwp%2Fv2%2Fcategories&post=190611"},{"taxonomy":"post_tag","embeddable":true,"href":"https:\/\/archive.sana.sy\/tr\/index.php?rest_route=%2Fwp%2Fv2%2Ftags&post=190611"}],"curies":[{"name":"wp","href":"https:\/\/api.w.org\/{rel}","templated":true}]}}