{"id":190614,"date":"2019-09-09T13:45:31","date_gmt":"2019-09-09T10:45:31","guid":{"rendered":"http:\/\/www.sana.sy\/tr\/?p=190614"},"modified":"2019-09-11T14:07:15","modified_gmt":"2019-09-11T11:07:15","slug":"ikili-iliskileri-daha-fazla-gelistirme-onemi-vurgulandi","status":"publish","type":"post","link":"https:\/\/archive.sana.sy\/tr\/?p=190614","title":{"rendered":"\u0130kili \u0130li\u015fkileri Daha Fazla Geli\u015ftirme \u00d6nemi Vurguland\u0131 (V\u0130DEO)"},"content":{"rendered":"<p>\u015eAM \u2013 Brezilya Ulusal Bayram\u0131n\u0131n 197. y\u0131ld\u00f6n\u00fcm\u00fc m\u00fcnasebetiyle Brezilya&#8217;n\u0131n \u015eam B\u00fcy\u00fckel\u00e7ili\u011fi Dama Rose Otelinde resepsiyon d\u00fczenledi.<\/p>\n<p><a href=\"http:\/\/www.sana.sy\/tr\/wp-content\/uploads\/2019\/09\/MHM_8934.jpg\"><img loading=\"lazy\" decoding=\"async\" class=\"alignright wp-image-190618 size-medium\" src=\"http:\/\/www.sana.sy\/tr\/wp-content\/uploads\/2019\/09\/MHM_8934-300x200.jpg\" alt=\"\" width=\"300\" height=\"200\" srcset=\"https:\/\/archive.sana.sy\/tr\/wp-content\/uploads\/2019\/09\/MHM_8934-300x200.jpg 300w, https:\/\/archive.sana.sy\/tr\/wp-content\/uploads\/2019\/09\/MHM_8934-150x100.jpg 150w, https:\/\/archive.sana.sy\/tr\/wp-content\/uploads\/2019\/09\/MHM_8934-768x511.jpg 768w, https:\/\/archive.sana.sy\/tr\/wp-content\/uploads\/2019\/09\/MHM_8934-1024x682.jpg 1024w\" sizes=\"auto, (max-width: 300px) 100vw, 300px\" \/><\/a>Brezilya&#8217;n\u0131n \u015eam B\u00fcy\u00fckel\u00e7isi Fabio Petaluka yapt\u0131\u011f\u0131 konu\u015fmada;\u00a0 iki \u00fclke aras\u0131ndaki dostluk ili\u015fkilerin derinli\u011fine i\u015faret ederken, \u00fclkesinin Suriye\u2019ye ter\u00f6rle m\u00fccadelesinde verdi\u011fi deste\u011fi ve Suriye\u2019nin gelece\u011fine karar verme hakk\u0131na sahip oldu\u011funu belirtti. Petaluka; Suriye\u2019nin yeniden yap\u0131land\u0131rma ve ulusal uzla\u015fma s\u00fcre\u00e7lerinde Suriye\u2019nin yan\u0131nda durma \u00f6nemini vurgulad\u0131.<\/p>\n<p>Petaluka konu\u015fmada ayr\u0131ca; Uluslararas\u0131 \u015eam Fuar\u0131n\u0131n 61. d\u00f6neminin ba\u015far\u0131yla d\u00fczenlenmesini kutlarken \u00fclkesinin fuara b\u00fcy\u00fck kat\u0131l\u0131m\u0131na i\u015faret etti.<\/p>\n<p><a href=\"http:\/\/www.sana.sy\/tr\/wp-content\/uploads\/2019\/09\/MHM_8966.jpg\"><img loading=\"lazy\" decoding=\"async\" class=\"alignright size-medium wp-image-190619\" src=\"http:\/\/www.sana.sy\/tr\/wp-content\/uploads\/2019\/09\/MHM_8966-300x200.jpg\" alt=\"\" width=\"300\" height=\"200\" srcset=\"https:\/\/archive.sana.sy\/tr\/wp-content\/uploads\/2019\/09\/MHM_8966-300x200.jpg 300w, https:\/\/archive.sana.sy\/tr\/wp-content\/uploads\/2019\/09\/MHM_8966-150x100.jpg 150w, https:\/\/archive.sana.sy\/tr\/wp-content\/uploads\/2019\/09\/MHM_8966-768x512.jpg 768w, https:\/\/archive.sana.sy\/tr\/wp-content\/uploads\/2019\/09\/MHM_8966-1024x682.jpg 1024w\" sizes=\"auto, (max-width: 300px) 100vw, 300px\" \/><\/a>Resepsiyona kat\u0131lan D\u0131\u015fi\u015fleri ve Gurbet\u00e7iler Bakan Yard\u0131mc\u0131s\u0131 Eyman Sosan ise yapt\u0131\u011f\u0131 konu\u015fmada; ter\u00f6re kar\u015f\u0131 m\u00fccadelede Brezilya\u2019n\u0131n Suriye\u2019ye verdi\u011fi deste\u011fine i\u015faret ederken, Suriye ve Brezilya\u2019n\u0131n iki \u00fclke aras\u0131ndaki ili\u015fkilerinin daha y\u00fckseltmeye ama\u00e7lad\u0131klar\u0131n\u0131 belirtti. Sosan; Surye\u2019deki yeniden yap\u0131land\u0131rma s\u00fcre\u00e7te Brezilya\u2019n\u0131n kat\u0131lmas\u0131n\u0131, Suriye\u2019nin memnuniyetle kar\u015f\u0131lad\u0131\u011f\u0131n\u0131 ifade etti.<\/p>\n<p>Resepsiyon kat\u0131l\u0131mc\u0131lar\u0131 aras\u0131nda Cumhurba\u015fkanl\u0131\u011f\u0131 \u0130\u015flerinden Sorumlu Bakan Mansur Azzam, Adalet Bakan\u0131 Hi\u015fam El \u015eear, Sivil Toplum Faaliyetleri ve Sendikalardan sorumlu devlet bakan\u0131 Selva Abd\u00fcllah, E\u011fitim Bakan\u0131 \u0130mad Azb ve Baas Partisi Merkez Komite \u00dcyesi Muhsin Bilal&#8217;\u0131n yan\u0131 s\u0131ra bir\u00e7ok milletvekili, ekonomik ve k\u00fclt\u00fcrel faaliyet temsilcileri yer ald\u0131.<\/p>\n<p>\u00c7eviri: P.M.<br \/>\n<iframe loading=\"lazy\" src=\"https:\/\/www.youtube.com\/embed\/BhHPFKEidfg\" width=\"620\" height=\"348\" frameborder=\"0\" allowfullscreen=\"allowfullscreen\"><\/iframe><\/p>\n<div id='gallery-1' class='gallery galleryid-190614 gallery-columns-1 gallery-size-full'><figure class='gallery-item'>\n\t\t\t<div class='gallery-icon landscape'>\n\t\t\t\t<a href='https:\/\/archive.sana.sy\/tr\/wp-content\/uploads\/2019\/09\/MHM_8915-1.jpg'><img loading=\"lazy\" decoding=\"async\" width=\"3543\" height=\"2358\" src=\"https:\/\/archive.sana.sy\/tr\/wp-content\/uploads\/2019\/09\/MHM_8915-1.jpg\" class=\"attachment-full size-full\" alt=\"\" srcset=\"https:\/\/archive.sana.sy\/tr\/wp-content\/uploads\/2019\/09\/MHM_8915-1.jpg 3543w, https:\/\/archive.sana.sy\/tr\/wp-content\/uploads\/2019\/09\/MHM_8915-1-150x100.jpg 150w, https:\/\/archive.sana.sy\/tr\/wp-content\/uploads\/2019\/09\/MHM_8915-1-300x200.jpg 300w, https:\/\/archive.sana.sy\/tr\/wp-content\/uploads\/2019\/09\/MHM_8915-1-768x511.jpg 768w, https:\/\/archive.sana.sy\/tr\/wp-content\/uploads\/2019\/09\/MHM_8915-1-1024x682.jpg 1024w, https:\/\/archive.sana.sy\/tr\/wp-content\/uploads\/2019\/09\/MHM_8915-1-310x205.jpg 310w\" sizes=\"auto, (max-width: 3543px) 100vw, 3543px\" \/><\/a>\n\t\t\t<\/div><\/figure>\n\t\t<\/div>\n\n","protected":false},"excerpt":{"rendered":"<p>\u015eAM \u2013 Brezilya Ulusal Bayram\u0131n\u0131n 197. y\u0131ld\u00f6n\u00fcm\u00fc m\u00fcnasebetiyle Brezilya&#8217;n\u0131n \u015eam B\u00fcy\u00fckel\u00e7ili\u011fi Dama Rose Otelinde resepsiyon d\u00fczenledi. Brezilya&#8217;n\u0131n \u015eam B\u00fcy\u00fckel\u00e7isi Fabio Petaluka yapt\u0131\u011f\u0131 konu\u015fmada;\u00a0 iki \u00fclke aras\u0131ndaki dostluk ili\u015fkilerin derinli\u011fine i\u015faret ederken, \u00fclkesinin Suriye\u2019ye ter\u00f6rle m\u00fccadelesinde verdi\u011fi deste\u011fi ve Suriye\u2019nin gelece\u011fine karar verme hakk\u0131na sahip oldu\u011funu belirtti. Petaluka; Suriye\u2019nin yeniden yap\u0131land\u0131rma ve ulusal uzla\u015fma s\u00fcre\u00e7lerinde Suriye\u2019nin &hellip;<\/p>\n","protected":false},"author":1,"featured_media":190616,"comment_status":"closed","ping_status":"closed","sticky":false,"template":"","format":"standard","meta":{"footnotes":""},"categories":[596,479,17988,478],"tags":[],"class_list":["post-190614","post","type-post","status-publish","format-standard","has-post-thumbnail","","category-fotografli-raporlar","category-haberler-yerel","category-son-haberler","category-yerel"],"_links":{"self":[{"href":"https:\/\/archive.sana.sy\/tr\/index.php?rest_route=\/wp\/v2\/posts\/190614","targetHints":{"allow":["GET"]}}],"collection":[{"href":"https:\/\/archive.sana.sy\/tr\/index.php?rest_route=\/wp\/v2\/posts"}],"about":[{"href":"https:\/\/archive.sana.sy\/tr\/index.php?rest_route=\/wp\/v2\/types\/post"}],"author":[{"embeddable":true,"href":"https:\/\/archive.sana.sy\/tr\/index.php?rest_route=\/wp\/v2\/users\/1"}],"replies":[{"embeddable":true,"href":"https:\/\/archive.sana.sy\/tr\/index.php?rest_route=%2Fwp%2Fv2%2Fcomments&post=190614"}],"version-history":[{"count":0,"href":"https:\/\/archive.sana.sy\/tr\/index.php?rest_route=\/wp\/v2\/posts\/190614\/revisions"}],"wp:featuredmedia":[{"embeddable":true,"href":"https:\/\/archive.sana.sy\/tr\/index.php?rest_route=\/wp\/v2\/media\/190616"}],"wp:attachment":[{"href":"https:\/\/archive.sana.sy\/tr\/index.php?rest_route=%2Fwp%2Fv2%2Fmedia&parent=190614"}],"wp:term":[{"taxonomy":"category","embeddable":true,"href":"https:\/\/archive.sana.sy\/tr\/index.php?rest_route=%2Fwp%2Fv2%2Fcategories&post=190614"},{"taxonomy":"post_tag","embeddable":true,"href":"https:\/\/archive.sana.sy\/tr\/index.php?rest_route=%2Fwp%2Fv2%2Ftags&post=190614"}],"curies":[{"name":"wp","href":"https:\/\/api.w.org\/{rel}","templated":true}]}}