{"id":191041,"date":"2019-09-15T14:56:26","date_gmt":"2019-09-15T11:56:26","guid":{"rendered":"http:\/\/www.sana.sy\/tr\/?p=191041"},"modified":"2019-09-16T17:51:30","modified_gmt":"2019-09-16T14:51:30","slug":"14-eylul-tarihinden-once-islenen-suclar-icin-af-karari","status":"publish","type":"post","link":"https:\/\/archive.sana.sy\/tr\/?p=191041","title":{"rendered":"14 Eyl\u00fcl Tarihinden \u00d6nce \u0130\u015flenen Su\u00e7lar \u0130\u00e7in Af Karar\u0131"},"content":{"rendered":"<p>\u015eAM \u2013 Cumhurba\u015fkan\u0131 Be\u015f\u015far el Esad 14 Eyl\u00fcl 2019 tarihinden \u00f6nce i\u015flenen su\u00e7lar i\u00e7in af \u00f6ng\u00f6ren 2019\/20 yasama karar\u0131n\u0131 onaylad\u0131.<\/p>\n<p>Belirli \u015fartlar ve ko\u015fullar kapsam\u0131nda 14 Eyl\u00fcl tarihinden \u00f6nce i\u015flenen su\u00e7lar\u0131n af edilmesini \u00f6ng\u00f6ren yasama karar\u0131 resmi gazetede yay\u0131nlanmas\u0131yla tarihinden itibaren ge\u00e7erli say\u0131lmaktad\u0131r.<\/p>\n","protected":false},"excerpt":{"rendered":"<p>\u015eAM \u2013 Cumhurba\u015fkan\u0131 Be\u015f\u015far el Esad 14 Eyl\u00fcl 2019 tarihinden \u00f6nce i\u015flenen su\u00e7lar i\u00e7in af \u00f6ng\u00f6ren 2019\/20 yasama karar\u0131n\u0131 onaylad\u0131. Belirli \u015fartlar ve ko\u015fullar kapsam\u0131nda 14 Eyl\u00fcl tarihinden \u00f6nce i\u015flenen su\u00e7lar\u0131n af edilmesini \u00f6ng\u00f6ren yasama karar\u0131 resmi gazetede yay\u0131nlanmas\u0131yla tarihinden itibaren ge\u00e7erli say\u0131lmaktad\u0131r.<\/p>\n","protected":false},"author":1,"featured_media":151186,"comment_status":"closed","ping_status":"closed","sticky":false,"template":"","format":"standard","meta":{"footnotes":""},"categories":[479,605,17988,612,599,478],"tags":[],"class_list":["post-191041","post","type-post","status-publish","format-standard","has-post-thumbnail","","category-haberler-yerel","category-sayin-cumhurbaskani","category-son-haberler","category-yasama-kararnameler","category-yasama-ve-kanunlar","category-yerel"],"_links":{"self":[{"href":"https:\/\/archive.sana.sy\/tr\/index.php?rest_route=\/wp\/v2\/posts\/191041","targetHints":{"allow":["GET"]}}],"collection":[{"href":"https:\/\/archive.sana.sy\/tr\/index.php?rest_route=\/wp\/v2\/posts"}],"about":[{"href":"https:\/\/archive.sana.sy\/tr\/index.php?rest_route=\/wp\/v2\/types\/post"}],"author":[{"embeddable":true,"href":"https:\/\/archive.sana.sy\/tr\/index.php?rest_route=\/wp\/v2\/users\/1"}],"replies":[{"embeddable":true,"href":"https:\/\/archive.sana.sy\/tr\/index.php?rest_route=%2Fwp%2Fv2%2Fcomments&post=191041"}],"version-history":[{"count":0,"href":"https:\/\/archive.sana.sy\/tr\/index.php?rest_route=\/wp\/v2\/posts\/191041\/revisions"}],"wp:featuredmedia":[{"embeddable":true,"href":"https:\/\/archive.sana.sy\/tr\/index.php?rest_route=\/wp\/v2\/media\/151186"}],"wp:attachment":[{"href":"https:\/\/archive.sana.sy\/tr\/index.php?rest_route=%2Fwp%2Fv2%2Fmedia&parent=191041"}],"wp:term":[{"taxonomy":"category","embeddable":true,"href":"https:\/\/archive.sana.sy\/tr\/index.php?rest_route=%2Fwp%2Fv2%2Fcategories&post=191041"},{"taxonomy":"post_tag","embeddable":true,"href":"https:\/\/archive.sana.sy\/tr\/index.php?rest_route=%2Fwp%2Fv2%2Ftags&post=191041"}],"curies":[{"name":"wp","href":"https:\/\/api.w.org\/{rel}","templated":true}]}}