{"id":191043,"date":"2019-09-15T15:17:13","date_gmt":"2019-09-15T12:17:13","guid":{"rendered":"http:\/\/www.sana.sy\/tr\/?p=191043"},"modified":"2019-09-16T14:02:08","modified_gmt":"2019-09-16T11:02:08","slug":"gunes-enerjisiyle-calisan-en-buyuk-istasyon-calistirildi","status":"publish","type":"post","link":"https:\/\/archive.sana.sy\/tr\/?p=191043","title":{"rendered":"G\u00fcne\u015f Enerjisiyle \u00c7al\u0131\u015fan En B\u00fcy\u00fck \u0130stasyon \u00c7al\u0131\u015ft\u0131r\u0131ld\u0131"},"content":{"rendered":"<p>HOMS \u2013 Homs \u0130l Elektrik M\u00fcd\u00fcrl\u00fc\u011f\u00fc Homs \u0130li k\u0131rsal\u0131nda yer alan Hasye Organize Sanayi B\u00f6lgesinde Nufuvri \u015eirketi ile i\u015fbirli\u011fi i\u00e7inde hayata ge\u00e7irdi\u011fi g\u00fcne\u015f enerjisiyle \u00e7al\u0131\u015fan elektrik istasyonu projesini hayata ge\u00e7irdi.<\/p>\n<p>\u0130l Elektrik M\u00fcd\u00fcr\u00fc Muslih el Hasan SANA\u2019ya yapt\u0131\u011f\u0131 a\u00e7\u0131klamada; saatte 500 kilo vat \u00fcretim kapasitesine sahip istasyonun Homs \u0130linde g\u00fcne\u015f enerjisiyle \u00e7al\u0131\u015fan en b\u00fcy\u00fck istasyon oldu\u011funu belirtti.<\/p>\n<p>Devletin alternatif enerji \u00fcretimi projelerine destek ve te\u015fvikine dikkat \u00e7eken Hasan; bu destek ve te\u015fvik neticesinde bu ba\u011flamda ciddi projeler haz\u0131rlanmakta oldu\u011funu ifade etti.<\/p>\n<p>Hasan elektrik enerjisinin \u00f6n\u00fcm\u00fczdeki s\u00fcre\u00e7te ta\u015f\u0131d\u0131\u011f\u0131 \u00f6neme dikkat \u00e7ekerken, yeniden yap\u0131lanma, \u00fcretim ve ekonominin kalk\u0131nd\u0131r\u0131lmas\u0131nda elektri\u011fin temel bir fakt\u00f6r oldu\u011funu kaydetti.<\/p>\n","protected":false},"excerpt":{"rendered":"<p>HOMS \u2013 Homs \u0130l Elektrik M\u00fcd\u00fcrl\u00fc\u011f\u00fc Homs \u0130li k\u0131rsal\u0131nda yer alan Hasye Organize Sanayi B\u00f6lgesinde Nufuvri \u015eirketi ile i\u015fbirli\u011fi i\u00e7inde hayata ge\u00e7irdi\u011fi g\u00fcne\u015f enerjisiyle \u00e7al\u0131\u015fan elektrik istasyonu projesini hayata ge\u00e7irdi. \u0130l Elektrik M\u00fcd\u00fcr\u00fc Muslih el Hasan SANA\u2019ya yapt\u0131\u011f\u0131 a\u00e7\u0131klamada; saatte 500 kilo vat \u00fcretim kapasitesine sahip istasyonun Homs \u0130linde g\u00fcne\u015f enerjisiyle \u00e7al\u0131\u015fan en b\u00fcy\u00fck istasyon &hellip;<\/p>\n","protected":false},"author":1,"featured_media":191044,"comment_status":"closed","ping_status":"closed","sticky":false,"template":"","format":"standard","meta":{"footnotes":""},"categories":[485,486,479,17988,478],"tags":[],"class_list":["post-191043","post","type-post","status-publish","format-standard","has-post-thumbnail","","category-is-ve-sermaye","category-haberler-is-ve-sermaye","category-haberler-yerel","category-son-haberler","category-yerel"],"_links":{"self":[{"href":"https:\/\/archive.sana.sy\/tr\/index.php?rest_route=\/wp\/v2\/posts\/191043","targetHints":{"allow":["GET"]}}],"collection":[{"href":"https:\/\/archive.sana.sy\/tr\/index.php?rest_route=\/wp\/v2\/posts"}],"about":[{"href":"https:\/\/archive.sana.sy\/tr\/index.php?rest_route=\/wp\/v2\/types\/post"}],"author":[{"embeddable":true,"href":"https:\/\/archive.sana.sy\/tr\/index.php?rest_route=\/wp\/v2\/users\/1"}],"replies":[{"embeddable":true,"href":"https:\/\/archive.sana.sy\/tr\/index.php?rest_route=%2Fwp%2Fv2%2Fcomments&post=191043"}],"version-history":[{"count":0,"href":"https:\/\/archive.sana.sy\/tr\/index.php?rest_route=\/wp\/v2\/posts\/191043\/revisions"}],"wp:featuredmedia":[{"embeddable":true,"href":"https:\/\/archive.sana.sy\/tr\/index.php?rest_route=\/wp\/v2\/media\/191044"}],"wp:attachment":[{"href":"https:\/\/archive.sana.sy\/tr\/index.php?rest_route=%2Fwp%2Fv2%2Fmedia&parent=191043"}],"wp:term":[{"taxonomy":"category","embeddable":true,"href":"https:\/\/archive.sana.sy\/tr\/index.php?rest_route=%2Fwp%2Fv2%2Fcategories&post=191043"},{"taxonomy":"post_tag","embeddable":true,"href":"https:\/\/archive.sana.sy\/tr\/index.php?rest_route=%2Fwp%2Fv2%2Ftags&post=191043"}],"curies":[{"name":"wp","href":"https:\/\/api.w.org\/{rel}","templated":true}]}}