{"id":191046,"date":"2019-09-15T15:28:35","date_gmt":"2019-09-15T12:28:35","guid":{"rendered":"http:\/\/www.sana.sy\/tr\/?p=191046"},"modified":"2019-09-16T14:02:13","modified_gmt":"2019-09-16T11:02:13","slug":"muallim-krahenbuhl-ve-ona-eslik-eden-heyeti-kabul-etti","status":"publish","type":"post","link":"https:\/\/archive.sana.sy\/tr\/?p=191046","title":{"rendered":"Muallim Krahenb\u00fchl ve Ona E\u015flik Eden Heyeti Kabul Etti"},"content":{"rendered":"<p>\u015eAM \u2013 Ba\u015fbakan Yard\u0131mc\u0131s\u0131 D\u0131\u015fi\u015fleri ve Gurbet\u00e7iler Bakan\u0131 Velid Muallim bug\u00fcn Birle\u015fmi\u015f Milletler Filistin M\u00fcltecilerine Yard\u0131m Ajans\u0131 (UNRWA) Genel Komiseri Pierre Krahenb\u00fchl ve Suriye ziyaretinde ona e\u015flik eden heyeti kabul etti.<\/p>\n<p>Suriye ve UNRWA aras\u0131ndaki ayr\u0131cal\u0131kl\u0131 ili\u015fkiler ve bu ili\u015fkileri farkl\u0131 alanlarda geli\u015ftirme olanaklar\u0131n\u0131n ele al\u0131nd\u0131\u011f\u0131 toplant\u0131da; UNRWA\u2019n\u0131n Filistinlilere yard\u0131m ve deste\u011fini hedef alma hedefiyle maruz kald\u0131\u011f\u0131 bask\u0131 ve dayatmalar da masaya yat\u0131r\u0131ld\u0131.<\/p>\n<p>Toplant\u0131da Muallim; Suriye&#8217;nin y\u0131llard\u0131r maruz kald\u0131\u011f\u0131 muhtelif y\u00f6nl\u00fc sava\u015f, yapt\u0131r\u0131m ve di\u011fer ko\u015fullara ra\u011fmen Filistinli karde\u015flerimize deste\u011fini s\u00fcrd\u00fcrd\u00fc\u011f\u00fcn\u00fc ve s\u00fcrd\u00fcrme kararl\u0131l\u0131\u011f\u0131nda oldu\u011funu vurgulad\u0131. Muallim Filistinli karde\u015flerimizin istisnas\u0131z t\u00fcm me\u015fru haklar\u0131na kavu\u015fmalar\u0131 gere\u011finin alt\u0131n\u0131 \u00e7izerken, gasp\u00e7\u0131 \u0130srail&#8217;in Filistin ve halk\u0131na kar\u015f\u0131 d\u00fc\u015fmanl\u0131\u011f\u0131na son verme gere\u011finin bir kez daha alt\u0131n\u0131 \u00e7izdi.<\/p>\n<p>Suriye&#8217;nin UNRWA\u2019n\u0131n kald\u0131r\u0131lmas\u0131na kar\u015f\u0131 tutumunu bir kez daha vurgulayan Muallim; UNRWA\u2019n\u0131n Filistinlilere yard\u0131m ve destekte oynad\u0131\u011f\u0131 \u00f6nemli rol\u00fc \u00f6vd\u00fc.<\/p>\n<p>Toplant\u0131da Krahenb\u00fchl ise Filistinli m\u00fcltecilere yard\u0131m ve destekte Suriye ve ajans aras\u0131ndaki ayr\u0131cal\u0131kl\u0131 i\u015fbirli\u011fini \u00f6verken, UNRWA\u2019n\u0131n Suriye&#8217;deki Filistinli m\u00fcltecilere yard\u0131m ve deste\u011fini s\u00fcrd\u00fcrme kararl\u0131l\u0131\u011f\u0131n\u0131 belirtti.<\/p>\n","protected":false},"excerpt":{"rendered":"<p>\u015eAM \u2013 Ba\u015fbakan Yard\u0131mc\u0131s\u0131 D\u0131\u015fi\u015fleri ve Gurbet\u00e7iler Bakan\u0131 Velid Muallim bug\u00fcn Birle\u015fmi\u015f Milletler Filistin M\u00fcltecilerine Yard\u0131m Ajans\u0131 (UNRWA) Genel Komiseri Pierre Krahenb\u00fchl ve Suriye ziyaretinde ona e\u015flik eden heyeti kabul etti. Suriye ve UNRWA aras\u0131ndaki ayr\u0131cal\u0131kl\u0131 ili\u015fkiler ve bu ili\u015fkileri farkl\u0131 alanlarda geli\u015ftirme olanaklar\u0131n\u0131n ele al\u0131nd\u0131\u011f\u0131 toplant\u0131da; UNRWA\u2019n\u0131n Filistinlilere yard\u0131m ve deste\u011fini hedef alma hedefiyle &hellip;<\/p>\n","protected":false},"author":1,"featured_media":191047,"comment_status":"closed","ping_status":"closed","sticky":false,"template":"","format":"standard","meta":{"footnotes":""},"categories":[479,17988,478],"tags":[],"class_list":["post-191046","post","type-post","status-publish","format-standard","has-post-thumbnail","","category-haberler-yerel","category-son-haberler","category-yerel"],"_links":{"self":[{"href":"https:\/\/archive.sana.sy\/tr\/index.php?rest_route=\/wp\/v2\/posts\/191046","targetHints":{"allow":["GET"]}}],"collection":[{"href":"https:\/\/archive.sana.sy\/tr\/index.php?rest_route=\/wp\/v2\/posts"}],"about":[{"href":"https:\/\/archive.sana.sy\/tr\/index.php?rest_route=\/wp\/v2\/types\/post"}],"author":[{"embeddable":true,"href":"https:\/\/archive.sana.sy\/tr\/index.php?rest_route=\/wp\/v2\/users\/1"}],"replies":[{"embeddable":true,"href":"https:\/\/archive.sana.sy\/tr\/index.php?rest_route=%2Fwp%2Fv2%2Fcomments&post=191046"}],"version-history":[{"count":0,"href":"https:\/\/archive.sana.sy\/tr\/index.php?rest_route=\/wp\/v2\/posts\/191046\/revisions"}],"wp:featuredmedia":[{"embeddable":true,"href":"https:\/\/archive.sana.sy\/tr\/index.php?rest_route=\/wp\/v2\/media\/191047"}],"wp:attachment":[{"href":"https:\/\/archive.sana.sy\/tr\/index.php?rest_route=%2Fwp%2Fv2%2Fmedia&parent=191046"}],"wp:term":[{"taxonomy":"category","embeddable":true,"href":"https:\/\/archive.sana.sy\/tr\/index.php?rest_route=%2Fwp%2Fv2%2Fcategories&post=191046"},{"taxonomy":"post_tag","embeddable":true,"href":"https:\/\/archive.sana.sy\/tr\/index.php?rest_route=%2Fwp%2Fv2%2Ftags&post=191046"}],"curies":[{"name":"wp","href":"https:\/\/api.w.org\/{rel}","templated":true}]}}