{"id":191050,"date":"2019-09-15T15:00:50","date_gmt":"2019-09-15T12:00:50","guid":{"rendered":"http:\/\/www.sana.sy\/tr\/?p=191050"},"modified":"2019-09-16T14:02:04","modified_gmt":"2019-09-16T11:02:04","slug":"abd-yine-destek-konvoyu-gecirdi","status":"publish","type":"post","link":"https:\/\/archive.sana.sy\/tr\/?p=191050","title":{"rendered":"ABD Yine Destek Konvoyu Ge\u00e7irdi"},"content":{"rendered":"<p>HASEKE \u2013 ABD idaresi Suriye ve halk\u0131na kar\u015f\u0131 d\u00fc\u015fmanc\u0131 tutum ve politikalar\u0131n\u0131 s\u00fcrd\u00fcrmeleriyle edat olarak kulland\u0131\u011f\u0131 \u201cDemokratik Suriye G\u00fc\u00e7leri\u201d adl\u0131 b\u00f6l\u00fcc\u00fc gruplara destek olarak bir askeri konvoyu daha Suriye&#8217;ye ge\u00e7irdi.<\/p>\n<p>Uluslararas\u0131 kanunlar ve Suriye&#8217;nin egemenli\u011fine a\u00e7\u0131k bir ihlalle ABD g\u00fc\u00e7leri askeri ekipman ve lojistik destek ta\u015f\u0131yan onlarca ara\u00e7tan ibaret bir konvoyu Haseke \u0130linin kuzey u\u00e7lar\u0131nda yer alan Maliki Kentine ge\u00e7irdi. ABD\u2019nin DSG\u2019lilere muhtelif t\u00fcr deste\u011fi ve bu b\u00f6l\u00fcc\u00fc gruplar\u0131 edat olarak kullanmas\u0131na e\u015f zamanl\u0131 olarak s\u00f6z konusu silahl\u0131 gruplar bulunduklar\u0131 her yerde masum sivillere kar\u015f\u0131 sald\u0131r\u0131 ve gasp eylemlerini s\u00fcrd\u00fcr\u00fcyor.<\/p>\n<p>Yerel kaynaklar DSG\u2019li gruplara destek olarak askeri ekipman ve lojistik destek ta\u015f\u0131yan 150 ara\u00e7tan ibaret bir konvoyun Irak\u2019\u0131n kuzey b\u00f6lgelerini Suriye&#8217;ye ba\u011flayan gayr\u0131 me\u015fru Simalke Ge\u00e7idinden girdiklerini aktard\u0131. Kaynaklar s\u00f6z konusu askeri deste\u011fin sahibi DSG\u2019lilerin bulunduklar\u0131 b\u00f6lgelerde masum sivillere kar\u015f\u0131 bask\u0131, dayatma ve sald\u0131r\u0131lar\u0131n\u0131 s\u00fcrd\u00fcrd\u00fcklerinin alt\u0131n\u0131 \u00e7izdi.<\/p>\n","protected":false},"excerpt":{"rendered":"<p>HASEKE \u2013 ABD idaresi Suriye ve halk\u0131na kar\u015f\u0131 d\u00fc\u015fmanc\u0131 tutum ve politikalar\u0131n\u0131 s\u00fcrd\u00fcrmeleriyle edat olarak kulland\u0131\u011f\u0131 \u201cDemokratik Suriye G\u00fc\u00e7leri\u201d adl\u0131 b\u00f6l\u00fcc\u00fc gruplara destek olarak bir askeri konvoyu daha Suriye&#8217;ye ge\u00e7irdi. Uluslararas\u0131 kanunlar ve Suriye&#8217;nin egemenli\u011fine a\u00e7\u0131k bir ihlalle ABD g\u00fc\u00e7leri askeri ekipman ve lojistik destek ta\u015f\u0131yan onlarca ara\u00e7tan ibaret bir konvoyu Haseke \u0130linin kuzey u\u00e7lar\u0131nda &hellip;<\/p>\n","protected":false},"author":1,"featured_media":191051,"comment_status":"closed","ping_status":"closed","sticky":false,"template":"","format":"standard","meta":{"footnotes":""},"categories":[479,17988,478],"tags":[],"class_list":["post-191050","post","type-post","status-publish","format-standard","has-post-thumbnail","","category-haberler-yerel","category-son-haberler","category-yerel"],"_links":{"self":[{"href":"https:\/\/archive.sana.sy\/tr\/index.php?rest_route=\/wp\/v2\/posts\/191050","targetHints":{"allow":["GET"]}}],"collection":[{"href":"https:\/\/archive.sana.sy\/tr\/index.php?rest_route=\/wp\/v2\/posts"}],"about":[{"href":"https:\/\/archive.sana.sy\/tr\/index.php?rest_route=\/wp\/v2\/types\/post"}],"author":[{"embeddable":true,"href":"https:\/\/archive.sana.sy\/tr\/index.php?rest_route=\/wp\/v2\/users\/1"}],"replies":[{"embeddable":true,"href":"https:\/\/archive.sana.sy\/tr\/index.php?rest_route=%2Fwp%2Fv2%2Fcomments&post=191050"}],"version-history":[{"count":0,"href":"https:\/\/archive.sana.sy\/tr\/index.php?rest_route=\/wp\/v2\/posts\/191050\/revisions"}],"wp:featuredmedia":[{"embeddable":true,"href":"https:\/\/archive.sana.sy\/tr\/index.php?rest_route=\/wp\/v2\/media\/191051"}],"wp:attachment":[{"href":"https:\/\/archive.sana.sy\/tr\/index.php?rest_route=%2Fwp%2Fv2%2Fmedia&parent=191050"}],"wp:term":[{"taxonomy":"category","embeddable":true,"href":"https:\/\/archive.sana.sy\/tr\/index.php?rest_route=%2Fwp%2Fv2%2Fcategories&post=191050"},{"taxonomy":"post_tag","embeddable":true,"href":"https:\/\/archive.sana.sy\/tr\/index.php?rest_route=%2Fwp%2Fv2%2Ftags&post=191050"}],"curies":[{"name":"wp","href":"https:\/\/api.w.org\/{rel}","templated":true}]}}