{"id":191825,"date":"2019-09-25T13:23:01","date_gmt":"2019-09-25T10:23:01","guid":{"rendered":"http:\/\/www.sana.sy\/tr\/?p=191825"},"modified":"2019-09-26T16:36:42","modified_gmt":"2019-09-26T13:36:42","slug":"vatandaslar-terorden-kurtarilan-bolgelerdeki-evlerine-donmeleri-surduruyor","status":"publish","type":"post","link":"https:\/\/archive.sana.sy\/tr\/?p=191825","title":{"rendered":"Vatanda\u015flar Ter\u00f6rden Kurtar\u0131lan B\u00f6lgelerdeki Evlerine D\u00f6nmeleri S\u00fcrd\u00fcr\u00fcyor"},"content":{"rendered":"<p>HAMA \u2013 Ordunun ter\u00f6rden kurtard\u0131\u011f\u0131 b\u00f6lgelerde devlet kurumlar\u0131n \u00e7abalar\u0131yla temel hizmet altyap\u0131lar\u0131n\u0131n onar\u0131m \u00e7al\u0131\u015fmalar\u0131 ve g\u00fcvenlik icraatlar\u0131n\u0131n al\u0131nd\u0131\u011f\u0131 ard\u0131ndan vatanda\u015flar kurtar\u0131lan evlerine d\u00f6n\u00fc\u015flerine devam ediyor.<\/p>\n<p>SANA\u2019n\u0131n Hama muhabiri; y\u00fczlerce ailelerin Hama k\u0131rsal\u0131n\u0131n kuzeyinde yer alan ter\u00f6rden kurtar\u0131lan Morik Beldesine d\u00f6nd\u00fcklerini belirtti.<\/p>\n<p>\u00c7eviri: P.M.<\/p>\n<div id='gallery-1' class='gallery galleryid-191825 gallery-columns-1 gallery-size-full'><figure class='gallery-item'>\n\t\t\t<div class='gallery-icon landscape'>\n\t\t\t\t<a href='https:\/\/archive.sana.sy\/tr\/wp-content\/uploads\/2019\/09\/photo_2019-09-25_10-51-43.jpg'><img loading=\"lazy\" decoding=\"async\" width=\"3543\" height=\"2098\" src=\"https:\/\/archive.sana.sy\/tr\/wp-content\/uploads\/2019\/09\/photo_2019-09-25_10-51-43.jpg\" class=\"attachment-full size-full\" alt=\"\" srcset=\"https:\/\/archive.sana.sy\/tr\/wp-content\/uploads\/2019\/09\/photo_2019-09-25_10-51-43.jpg 3543w, https:\/\/archive.sana.sy\/tr\/wp-content\/uploads\/2019\/09\/photo_2019-09-25_10-51-43-150x89.jpg 150w, https:\/\/archive.sana.sy\/tr\/wp-content\/uploads\/2019\/09\/photo_2019-09-25_10-51-43-300x178.jpg 300w, https:\/\/archive.sana.sy\/tr\/wp-content\/uploads\/2019\/09\/photo_2019-09-25_10-51-43-768x455.jpg 768w, https:\/\/archive.sana.sy\/tr\/wp-content\/uploads\/2019\/09\/photo_2019-09-25_10-51-43-1024x606.jpg 1024w\" sizes=\"auto, (max-width: 3543px) 100vw, 3543px\" \/><\/a>\n\t\t\t<\/div><\/figure><figure class='gallery-item'>\n\t\t\t<div class='gallery-icon landscape'>\n\t\t\t\t<a href='https:\/\/archive.sana.sy\/tr\/wp-content\/uploads\/2019\/09\/photo_2019-09-25_10-52-33.jpg'><img loading=\"lazy\" decoding=\"async\" width=\"3543\" height=\"2140\" src=\"https:\/\/archive.sana.sy\/tr\/wp-content\/uploads\/2019\/09\/photo_2019-09-25_10-52-33.jpg\" class=\"attachment-full size-full\" alt=\"\" srcset=\"https:\/\/archive.sana.sy\/tr\/wp-content\/uploads\/2019\/09\/photo_2019-09-25_10-52-33.jpg 3543w, https:\/\/archive.sana.sy\/tr\/wp-content\/uploads\/2019\/09\/photo_2019-09-25_10-52-33-150x91.jpg 150w, https:\/\/archive.sana.sy\/tr\/wp-content\/uploads\/2019\/09\/photo_2019-09-25_10-52-33-300x181.jpg 300w, https:\/\/archive.sana.sy\/tr\/wp-content\/uploads\/2019\/09\/photo_2019-09-25_10-52-33-768x464.jpg 768w, https:\/\/archive.sana.sy\/tr\/wp-content\/uploads\/2019\/09\/photo_2019-09-25_10-52-33-1024x619.jpg 1024w\" sizes=\"auto, (max-width: 3543px) 100vw, 3543px\" \/><\/a>\n\t\t\t<\/div><\/figure><figure class='gallery-item'>\n\t\t\t<div class='gallery-icon landscape'>\n\t\t\t\t<a href='https:\/\/archive.sana.sy\/tr\/wp-content\/uploads\/2019\/09\/photo_2019-09-25_10-54-10.jpg'><img loading=\"lazy\" decoding=\"async\" width=\"3543\" height=\"2077\" src=\"https:\/\/archive.sana.sy\/tr\/wp-content\/uploads\/2019\/09\/photo_2019-09-25_10-54-10.jpg\" class=\"attachment-full size-full\" alt=\"\" srcset=\"https:\/\/archive.sana.sy\/tr\/wp-content\/uploads\/2019\/09\/photo_2019-09-25_10-54-10.jpg 3543w, https:\/\/archive.sana.sy\/tr\/wp-content\/uploads\/2019\/09\/photo_2019-09-25_10-54-10-150x88.jpg 150w, https:\/\/archive.sana.sy\/tr\/wp-content\/uploads\/2019\/09\/photo_2019-09-25_10-54-10-300x176.jpg 300w, https:\/\/archive.sana.sy\/tr\/wp-content\/uploads\/2019\/09\/photo_2019-09-25_10-54-10-768x450.jpg 768w, https:\/\/archive.sana.sy\/tr\/wp-content\/uploads\/2019\/09\/photo_2019-09-25_10-54-10-1024x600.jpg 1024w\" sizes=\"auto, (max-width: 3543px) 100vw, 3543px\" \/><\/a>\n\t\t\t<\/div><\/figure><figure class='gallery-item'>\n\t\t\t<div class='gallery-icon landscape'>\n\t\t\t\t<a href='https:\/\/archive.sana.sy\/tr\/wp-content\/uploads\/2019\/09\/photo_2019-09-25_10-54-11.jpg'><img loading=\"lazy\" decoding=\"async\" width=\"3543\" height=\"2199\" src=\"https:\/\/archive.sana.sy\/tr\/wp-content\/uploads\/2019\/09\/photo_2019-09-25_10-54-11.jpg\" class=\"attachment-full size-full\" alt=\"\" srcset=\"https:\/\/archive.sana.sy\/tr\/wp-content\/uploads\/2019\/09\/photo_2019-09-25_10-54-11.jpg 3543w, https:\/\/archive.sana.sy\/tr\/wp-content\/uploads\/2019\/09\/photo_2019-09-25_10-54-11-150x93.jpg 150w, https:\/\/archive.sana.sy\/tr\/wp-content\/uploads\/2019\/09\/photo_2019-09-25_10-54-11-300x186.jpg 300w, https:\/\/archive.sana.sy\/tr\/wp-content\/uploads\/2019\/09\/photo_2019-09-25_10-54-11-768x477.jpg 768w, https:\/\/archive.sana.sy\/tr\/wp-content\/uploads\/2019\/09\/photo_2019-09-25_10-54-11-1024x636.jpg 1024w\" sizes=\"auto, (max-width: 3543px) 100vw, 3543px\" \/><\/a>\n\t\t\t<\/div><\/figure>\n\t\t<\/div>\n\n","protected":false},"excerpt":{"rendered":"<p>HAMA \u2013 Ordunun ter\u00f6rden kurtard\u0131\u011f\u0131 b\u00f6lgelerde devlet kurumlar\u0131n \u00e7abalar\u0131yla temel hizmet altyap\u0131lar\u0131n\u0131n onar\u0131m \u00e7al\u0131\u015fmalar\u0131 ve g\u00fcvenlik icraatlar\u0131n\u0131n al\u0131nd\u0131\u011f\u0131 ard\u0131ndan vatanda\u015flar kurtar\u0131lan evlerine d\u00f6n\u00fc\u015flerine devam ediyor. SANA\u2019n\u0131n Hama muhabiri; y\u00fczlerce ailelerin Hama k\u0131rsal\u0131n\u0131n kuzeyinde yer alan ter\u00f6rden kurtar\u0131lan Morik Beldesine d\u00f6nd\u00fcklerini belirtti. \u00c7eviri: P.M.<\/p>\n","protected":false},"author":1,"featured_media":191832,"comment_status":"closed","ping_status":"closed","sticky":false,"template":"","format":"standard","meta":{"footnotes":""},"categories":[596,479,17988,478],"tags":[],"class_list":["post-191825","post","type-post","status-publish","format-standard","has-post-thumbnail","","category-fotografli-raporlar","category-haberler-yerel","category-son-haberler","category-yerel"],"_links":{"self":[{"href":"https:\/\/archive.sana.sy\/tr\/index.php?rest_route=\/wp\/v2\/posts\/191825","targetHints":{"allow":["GET"]}}],"collection":[{"href":"https:\/\/archive.sana.sy\/tr\/index.php?rest_route=\/wp\/v2\/posts"}],"about":[{"href":"https:\/\/archive.sana.sy\/tr\/index.php?rest_route=\/wp\/v2\/types\/post"}],"author":[{"embeddable":true,"href":"https:\/\/archive.sana.sy\/tr\/index.php?rest_route=\/wp\/v2\/users\/1"}],"replies":[{"embeddable":true,"href":"https:\/\/archive.sana.sy\/tr\/index.php?rest_route=%2Fwp%2Fv2%2Fcomments&post=191825"}],"version-history":[{"count":0,"href":"https:\/\/archive.sana.sy\/tr\/index.php?rest_route=\/wp\/v2\/posts\/191825\/revisions"}],"wp:featuredmedia":[{"embeddable":true,"href":"https:\/\/archive.sana.sy\/tr\/index.php?rest_route=\/wp\/v2\/media\/191832"}],"wp:attachment":[{"href":"https:\/\/archive.sana.sy\/tr\/index.php?rest_route=%2Fwp%2Fv2%2Fmedia&parent=191825"}],"wp:term":[{"taxonomy":"category","embeddable":true,"href":"https:\/\/archive.sana.sy\/tr\/index.php?rest_route=%2Fwp%2Fv2%2Fcategories&post=191825"},{"taxonomy":"post_tag","embeddable":true,"href":"https:\/\/archive.sana.sy\/tr\/index.php?rest_route=%2Fwp%2Fv2%2Ftags&post=191825"}],"curies":[{"name":"wp","href":"https:\/\/api.w.org\/{rel}","templated":true}]}}