{"id":191859,"date":"2019-09-25T12:30:06","date_gmt":"2019-09-25T09:30:06","guid":{"rendered":"http:\/\/www.sana.sy\/tr\/?p=191859"},"modified":"2019-09-26T17:10:33","modified_gmt":"2019-09-26T14:10:33","slug":"zarif-suriyenin-gelecegine-karar-verme-hakki-suriyelilerindir","status":"publish","type":"post","link":"https:\/\/archive.sana.sy\/tr\/?p=191859","title":{"rendered":"Zarif: Suriye&#8217;nin Gelece\u011fine Karar Verme Hakk\u0131 Suriyelilerindir!"},"content":{"rendered":"<p>NEW YORK \u2013 \u0130ran D\u0131\u015fi\u015fleri Bakan\u0131 Muhammed Cevad Zarif t\u00fcm \u00fclkelerin Suriye\u2019nin egemenli\u011fi ve toprak b\u00fct\u00fcnl\u00fc\u011f\u00fcne sayg\u0131 duymalar\u0131 \u00f6nemini vurgulad\u0131.<\/p>\n<p>New York\u2019taki BM Genel Merkezinde d\u00fczenlenen toplant\u0131s\u0131nda yapt\u0131\u011f\u0131 konu\u015fmada \u0130ran D\u0131\u015fi\u015fleri Bakan\u0131 Zarif; Suriye h\u00fck\u00fcmeti ile anla\u015fmadan Suriye\u2019de mevcut olan t\u00fcm yabanc\u0131 g\u00fc\u00e7lerinin \u00e7\u0131kmal\u0131 gerekti\u011fini vurgularken \u0130srail i\u015fgalci varl\u0131\u011f\u0131n\u0131n devam etti\u011fi sald\u0131r\u0131lar\u0131n\u0131n b\u00f6lge istihkar\u0131n\u0131 tehlikeye maruz kald\u0131rd\u0131\u011f\u0131n\u0131 belirtti. Zarif; uluslararas\u0131 toplumun \u0130srail i\u015fgalci varl\u0131\u011f\u0131n\u0131n t\u00fcm sald\u0131r\u0131lar\u0131n\u0131 durdurmas\u0131na y\u00f6nelik bask\u0131 yapma gerekti\u011finin alt\u0131n\u0131 \u00e7izdi.<\/p>\n<p>Zarif; Golan\u2019\u0131n Suriye topra\u011f\u0131 oldu\u011funu ve kalaca\u011f\u0131n\u0131 vurgularken ABD\u2019nin Golan ile ilgili karar\u0131n\u0131n gayri me\u015fru ve ge\u00e7ersiz oldu\u011funu ifade etti.<\/p>\n<p>Suriye krizinin \u00e7\u00f6z\u00fcm\u00fc ile ilgili meselelerden bahsederken Zarif; Suriye krizinin BM taraf\u0131ndan destekli Suriyeli liderli\u011finde bir siyasi \u00e7\u00f6z\u00fcm olmal\u0131 gerekti\u011fini ifade etti.<\/p>\n<p>Suriye&#8217;nin gelece\u011fini Suriyelilerin kendileriyle ilgili oldu\u011fu ve bu nedenle gelece\u011fine karar verme hakk\u0131 onlara ait oldu\u011funa dikkat \u00e7eken Zarif; &#8220;Bu y\u00fczden, aralar\u0131ndaki g\u00f6r\u00fc\u015fmeleri herhangi bir d\u0131\u015f bask\u0131 veya yapay son teslim tarihi olmadan siyasi bir \u00e7\u00f6z\u00fcm \u00fczerinde anla\u015fmaya varmal\u0131y\u0131z&#8221; ifadelerini kulland\u0131.<\/p>\n<p>Zarif ayr\u0131ca; Suriye&#8217;deki yeniden yap\u0131lanmay\u0131 destekleme gere\u011finin alt\u0131n\u0131 \u00e7izerek, siyasalla\u015ft\u0131r\u0131lmamas\u0131 veya di\u011fer meselelerle ili\u015fkilendirilmemesi gereken bu s\u00fcreci desteklemenin gerekli oldu\u011funu belirtti. Zarif; Astana&#8217;daki s\u00fcrecin bir sonraki toplant\u0131s\u0131na Tahran&#8217;\u0131n ev sahipli\u011fi yapaca\u011f\u0131ndan bahsederken, \u00a0Suriye krizine \u00e7\u00f6z\u00fcm bulmak i\u00e7in daha fazla destek sa\u011flayaca\u011f\u0131na belirtti.<\/p>\n<p>\u00c7eviri: P.M.<\/p>\n","protected":false},"excerpt":{"rendered":"<p>NEW YORK \u2013 \u0130ran D\u0131\u015fi\u015fleri Bakan\u0131 Muhammed Cevad Zarif t\u00fcm \u00fclkelerin Suriye\u2019nin egemenli\u011fi ve toprak b\u00fct\u00fcnl\u00fc\u011f\u00fcne sayg\u0131 duymalar\u0131 \u00f6nemini vurgulad\u0131. New York\u2019taki BM Genel Merkezinde d\u00fczenlenen toplant\u0131s\u0131nda yapt\u0131\u011f\u0131 konu\u015fmada \u0130ran D\u0131\u015fi\u015fleri Bakan\u0131 Zarif; Suriye h\u00fck\u00fcmeti ile anla\u015fmadan Suriye\u2019de mevcut olan t\u00fcm yabanc\u0131 g\u00fc\u00e7lerinin \u00e7\u0131kmal\u0131 gerekti\u011fini vurgularken \u0130srail i\u015fgalci varl\u0131\u011f\u0131n\u0131n devam etti\u011fi sald\u0131r\u0131lar\u0131n\u0131n b\u00f6lge istihkar\u0131n\u0131 tehlikeye &hellip;<\/p>\n","protected":false},"author":1,"featured_media":191860,"comment_status":"closed","ping_status":"closed","sticky":false,"template":"","format":"standard","meta":{"footnotes":""},"categories":[458,459,17988],"tags":[],"class_list":["post-191859","post","type-post","status-publish","format-standard","has-post-thumbnail","","category-dunya1","category-haberler-arap-uluslararasi-politika","category-son-haberler"],"_links":{"self":[{"href":"https:\/\/archive.sana.sy\/tr\/index.php?rest_route=\/wp\/v2\/posts\/191859","targetHints":{"allow":["GET"]}}],"collection":[{"href":"https:\/\/archive.sana.sy\/tr\/index.php?rest_route=\/wp\/v2\/posts"}],"about":[{"href":"https:\/\/archive.sana.sy\/tr\/index.php?rest_route=\/wp\/v2\/types\/post"}],"author":[{"embeddable":true,"href":"https:\/\/archive.sana.sy\/tr\/index.php?rest_route=\/wp\/v2\/users\/1"}],"replies":[{"embeddable":true,"href":"https:\/\/archive.sana.sy\/tr\/index.php?rest_route=%2Fwp%2Fv2%2Fcomments&post=191859"}],"version-history":[{"count":0,"href":"https:\/\/archive.sana.sy\/tr\/index.php?rest_route=\/wp\/v2\/posts\/191859\/revisions"}],"wp:featuredmedia":[{"embeddable":true,"href":"https:\/\/archive.sana.sy\/tr\/index.php?rest_route=\/wp\/v2\/media\/191860"}],"wp:attachment":[{"href":"https:\/\/archive.sana.sy\/tr\/index.php?rest_route=%2Fwp%2Fv2%2Fmedia&parent=191859"}],"wp:term":[{"taxonomy":"category","embeddable":true,"href":"https:\/\/archive.sana.sy\/tr\/index.php?rest_route=%2Fwp%2Fv2%2Fcategories&post=191859"},{"taxonomy":"post_tag","embeddable":true,"href":"https:\/\/archive.sana.sy\/tr\/index.php?rest_route=%2Fwp%2Fv2%2Ftags&post=191859"}],"curies":[{"name":"wp","href":"https:\/\/api.w.org\/{rel}","templated":true}]}}